{"id":141263,"date":"2022-02-19T14:51:14","date_gmt":"2022-02-19T19:51:14","guid":{"rendered":"https:\/\/linitiative.ca\/International\/lancien-vice-president-americain-mike-pence-attendu-au-maroc-en-debut-mars\/"},"modified":"2022-02-19T14:51:14","modified_gmt":"2022-02-19T19:51:14","slug":"lancien-vice-president-americain-mike-pence-attendu-au-maroc-en-debut-mars","status":"publish","type":"post","link":"https:\/\/linitiative.ca\/International\/lancien-vice-president-americain-mike-pence-attendu-au-maroc-en-debut-mars\/","title":{"rendered":"L\u2019ancien vice-pr\u00e9sident am\u00e9ricain Mike Pence attendu au Maroc en d\u00e9but mars"},"content":{"rendered":"<div><img decoding=\"async\" width=\"830\" height=\"532\" src=\"https:\/\/linitiative.ca\/International\/wp-content\/uploads\/sites\/23\/2022\/02\/mike-pence.jpg\" class=\"attachment-post-thumbnail size-post-thumbnail wp-post-image\" alt=\"\" loading=\"lazy\" srcset=\"https:\/\/linitiative.ca\/International\/wp-content\/uploads\/sites\/23\/2022\/02\/mike-pence.jpg 830w, https:\/\/www.challenge.ma\/wp-content\/uploads\/2022\/02\/mike-pence-300x192.jpg 300w, https:\/\/www.challenge.ma\/wp-content\/uploads\/2022\/02\/mike-pence-768x492.jpg 768w, https:\/\/www.challenge.ma\/wp-content\/uploads\/2022\/02\/mike-pence-360x231.jpg 360w, https:\/\/www.challenge.ma\/wp-content\/uploads\/2022\/02\/mike-pence-750x481.jpg 750w\" sizes=\"auto, (max-width: 830px) 100vw, 830px\" itemprop=\"image\">Mike Pence, ancien vice-pr\u00e9sident des \u00c9tats-Unis, se rendra en Isra\u00ebl puis au Maroc en mars prochain. Une visite plac\u00e9e sous le signe du renforcement des accords d\u2019Abraham. L\u2019ancien vice-pr\u00e9sident am\u00e9ricain Mike Pence se rendra dans l\u2019\u00c9tat h\u00e9breu le 7 mars pour une visite de deux jours avant de se diriger<\/div>\n<p>Auteur: challenge<br \/>\n<a href=\"https:\/\/www.challenge.ma\/lancien-vice-president-americain-mike-pence-attendu-au-maroc-en-debut-mars-232972\/\">Cliquez ici pour lire l&rsquo;article depuis sa source.<\/a><\/p>\n","protected":false},"excerpt":{"rendered":"<p>Mike Pence, ancien vice-pr\u00e9sident des \u00c9tats-Unis, se rendra en Isra\u00ebl puis au Maroc en mars prochain. Une visite plac\u00e9e sous le signe du renforcement des accords d\u2019Abraham. L\u2019ancien vice-pr\u00e9sident am\u00e9ricain Mike Pence se rendra dans l\u2019\u00c9tat h\u00e9breu le 7 mars pour une visite de deux jours avant de se diriger Auteur: challenge Cliquez ici pour [&hellip;]<\/p>\n","protected":false},"author":1787,"featured_media":0,"comment_status":"closed","ping_status":"closed","sticky":false,"template":"","format":"standard","meta":{"fifu_image_url":"https:\/\/www.challenge.ma\/wp-content\/uploads\/2022\/02\/mike-pence.jpg","fifu_image_alt":"L\u2019ancien vice-pr\u00e9sident am\u00e9ricain Mike Pence attendu au Maroc en d\u00e9but mars","footnotes":""},"categories":[78,54],"tags":[],"class_list":["post-141263","post","type-post","status-publish","format-standard","hentry","category-economie","category-maroc"],"_links":{"self":[{"href":"https:\/\/linitiative.ca\/International\/wp-json\/wp\/v2\/posts\/141263","targetHints":{"allow":["GET"]}}],"collection":[{"href":"https:\/\/linitiative.ca\/International\/wp-json\/wp\/v2\/posts"}],"about":[{"href":"https:\/\/linitiative.ca\/International\/wp-json\/wp\/v2\/types\/post"}],"author":[{"embeddable":true,"href":"https:\/\/linitiative.ca\/International\/wp-json\/wp\/v2\/users\/1787"}],"replies":[{"embeddable":true,"href":"https:\/\/linitiative.ca\/International\/wp-json\/wp\/v2\/comments?post=141263"}],"version-history":[{"count":0,"href":"https:\/\/linitiative.ca\/International\/wp-json\/wp\/v2\/posts\/141263\/revisions"}],"wp:attachment":[{"href":"https:\/\/linitiative.ca\/International\/wp-json\/wp\/v2\/media?parent=141263"}],"wp:term":[{"taxonomy":"category","embeddable":true,"href":"https:\/\/linitiative.ca\/International\/wp-json\/wp\/v2\/categories?post=141263"},{"taxonomy":"post_tag","embeddable":true,"href":"https:\/\/linitiative.ca\/International\/wp-json\/wp\/v2\/tags?post=141263"}],"curies":[{"name":"wp","href":"https:\/\/api.w.org\/{rel}","templated":true}]}}