{"id":141267,"date":"2022-02-19T16:16:02","date_gmt":"2022-02-19T21:16:02","guid":{"rendered":"https:\/\/linitiative.ca\/International\/larmee-algerienne-annonce-lelimination-de-sept-terroristes\/"},"modified":"2022-02-19T16:16:02","modified_gmt":"2022-02-19T21:16:02","slug":"larmee-algerienne-annonce-lelimination-de-sept-terroristes","status":"publish","type":"post","link":"https:\/\/linitiative.ca\/International\/larmee-algerienne-annonce-lelimination-de-sept-terroristes\/","title":{"rendered":"L\u2019arm\u00e9e alg\u00e9rienne annonce l\u2019\u00e9limination de sept terroristes"},"content":{"rendered":"<div>\n<p>L\u2019arm\u00e9e populaire alg\u00e9rienne a annonc\u00e9 qu\u2019elle a r\u00e9ussi \u00e0 \u00e9liminer sept \u00e9l\u00e9ments terroristes, dans le maquis, dans la wilaya de Skikda, \u00e0 l\u2019est du pays. L\u2019arm\u00e9e a assur\u00e9 que l\u2019op\u00e9ration de ratissage est encore en cours, et qu\u2019elle a permis de r\u00e9cup\u00e9rer six fusils d\u2019assaut de type Kalachnikov, ainsi qu\u2019un fusil de pr\u00e9cision, et de [\u2026]<\/p>\n<p>L\u2019article <a href=\"https:\/\/www.tunisienumerique.com\/larmee-algerienne-annonce-lelimination-de-sept-terroristes\/\">L\u2019arm\u00e9e alg\u00e9rienne annonce l\u2019\u00e9limination de sept terroristes<\/a> est apparu en premier sur <a href=\"https:\/\/www.tunisienumerique.com\/\">Tunisie<\/a>.<\/p>\n<\/div>\n<p>Auteur: LM<br \/>\n<a href=\"https:\/\/www.tunisienumerique.com\/larmee-algerienne-annonce-lelimination-de-sept-terroristes\/\">Cliquez ici pour lire l&rsquo;article depuis sa source.<\/a><\/p>\n","protected":false},"excerpt":{"rendered":"<p>L\u2019arm\u00e9e populaire alg\u00e9rienne a annonc\u00e9 qu\u2019elle a r\u00e9ussi \u00e0 \u00e9liminer sept \u00e9l\u00e9ments terroristes, dans le maquis, dans la wilaya de Skikda, \u00e0 l\u2019est du pays. L\u2019arm\u00e9e a assur\u00e9 que l\u2019op\u00e9ration de ratissage est encore en cours, et qu\u2019elle a permis de r\u00e9cup\u00e9rer six fusils d\u2019assaut de type Kalachnikov, ainsi qu\u2019un fusil de pr\u00e9cision, et de [&hellip;]<\/p>\n","protected":false},"author":1789,"featured_media":0,"comment_status":"closed","ping_status":"closed","sticky":false,"template":"","format":"standard","meta":{"fifu_image_url":"","fifu_image_alt":"","footnotes":""},"categories":[73,55],"tags":[],"class_list":["post-141267","post","type-post","status-publish","format-standard","hentry","category-actualite","category-tunisie"],"_links":{"self":[{"href":"https:\/\/linitiative.ca\/International\/wp-json\/wp\/v2\/posts\/141267","targetHints":{"allow":["GET"]}}],"collection":[{"href":"https:\/\/linitiative.ca\/International\/wp-json\/wp\/v2\/posts"}],"about":[{"href":"https:\/\/linitiative.ca\/International\/wp-json\/wp\/v2\/types\/post"}],"author":[{"embeddable":true,"href":"https:\/\/linitiative.ca\/International\/wp-json\/wp\/v2\/users\/1789"}],"replies":[{"embeddable":true,"href":"https:\/\/linitiative.ca\/International\/wp-json\/wp\/v2\/comments?post=141267"}],"version-history":[{"count":0,"href":"https:\/\/linitiative.ca\/International\/wp-json\/wp\/v2\/posts\/141267\/revisions"}],"wp:attachment":[{"href":"https:\/\/linitiative.ca\/International\/wp-json\/wp\/v2\/media?parent=141267"}],"wp:term":[{"taxonomy":"category","embeddable":true,"href":"https:\/\/linitiative.ca\/International\/wp-json\/wp\/v2\/categories?post=141267"},{"taxonomy":"post_tag","embeddable":true,"href":"https:\/\/linitiative.ca\/International\/wp-json\/wp\/v2\/tags?post=141267"}],"curies":[{"name":"wp","href":"https:\/\/api.w.org\/{rel}","templated":true}]}}