{"id":141268,"date":"2022-02-19T16:22:33","date_gmt":"2022-02-19T21:22:33","guid":{"rendered":"https:\/\/linitiative.ca\/International\/tunisie-jendouba-arrestation-de-onze-elements-terroristes-qui-preparaient-des-attaques-contre-les-securitaires\/"},"modified":"2022-02-19T16:22:33","modified_gmt":"2022-02-19T21:22:33","slug":"tunisie-jendouba-arrestation-de-onze-elements-terroristes-qui-preparaient-des-attaques-contre-les-securitaires","status":"publish","type":"post","link":"https:\/\/linitiative.ca\/International\/tunisie-jendouba-arrestation-de-onze-elements-terroristes-qui-preparaient-des-attaques-contre-les-securitaires\/","title":{"rendered":"Tunisie \u2013 Jendouba\u00a0: Arrestation de onze \u00e9l\u00e9ments terroristes qui pr\u00e9paraient des attaques contre les s\u00e9curitaires"},"content":{"rendered":"<div>\n<p>Les forces de l\u2019ordre du district de Jendouba ont r\u00e9ussi \u00e0 d\u00e9masquer et arr\u00eater dis \u00e9l\u00e9ments takfiristes qui \u00e9taient en r\u00e9union avec un autre \u00e9l\u00e9ment \u00e9tranger \u00e0 la r\u00e9gion qui \u00e9tait en train de leur assurer un enseignement lors de r\u00e9union secr\u00e8tes. Les investigations ont permis de comprendre que ces \u00e9l\u00e9ments pr\u00e9paraient des attaques contre [\u2026]<\/p>\n<p>L\u2019article <a href=\"https:\/\/www.tunisienumerique.com\/tunisie-jendouba-arrestation-de-onze-elements-terroristes-qui-preparaient-des-attaques-contre-les-securitaires\/\">Tunisie \u2013 Jendouba\u00a0: Arrestation de onze \u00e9l\u00e9ments terroristes qui pr\u00e9paraient des attaques contre les s\u00e9curitaires<\/a> est apparu en premier sur <a href=\"https:\/\/www.tunisienumerique.com\/\">Tunisie<\/a>.<\/p>\n<\/div>\n<p>Auteur: LM<br \/>\n<a href=\"https:\/\/www.tunisienumerique.com\/tunisie-jendouba-arrestation-de-onze-elements-terroristes-qui-preparaient-des-attaques-contre-les-securitaires\/\">Cliquez ici pour lire l&rsquo;article depuis sa source.<\/a><\/p>\n","protected":false},"excerpt":{"rendered":"<p>Les forces de l\u2019ordre du district de Jendouba ont r\u00e9ussi \u00e0 d\u00e9masquer et arr\u00eater dis \u00e9l\u00e9ments takfiristes qui \u00e9taient en r\u00e9union avec un autre \u00e9l\u00e9ment \u00e9tranger \u00e0 la r\u00e9gion qui \u00e9tait en train de leur assurer un enseignement lors de r\u00e9union secr\u00e8tes. Les investigations ont permis de comprendre que ces \u00e9l\u00e9ments pr\u00e9paraient des attaques contre [&hellip;]<\/p>\n","protected":false},"author":1789,"featured_media":0,"comment_status":"closed","ping_status":"closed","sticky":false,"template":"","format":"standard","meta":{"fifu_image_url":"","fifu_image_alt":"","footnotes":""},"categories":[73,55],"tags":[],"class_list":["post-141268","post","type-post","status-publish","format-standard","hentry","category-actualite","category-tunisie"],"_links":{"self":[{"href":"https:\/\/linitiative.ca\/International\/wp-json\/wp\/v2\/posts\/141268","targetHints":{"allow":["GET"]}}],"collection":[{"href":"https:\/\/linitiative.ca\/International\/wp-json\/wp\/v2\/posts"}],"about":[{"href":"https:\/\/linitiative.ca\/International\/wp-json\/wp\/v2\/types\/post"}],"author":[{"embeddable":true,"href":"https:\/\/linitiative.ca\/International\/wp-json\/wp\/v2\/users\/1789"}],"replies":[{"embeddable":true,"href":"https:\/\/linitiative.ca\/International\/wp-json\/wp\/v2\/comments?post=141268"}],"version-history":[{"count":0,"href":"https:\/\/linitiative.ca\/International\/wp-json\/wp\/v2\/posts\/141268\/revisions"}],"wp:attachment":[{"href":"https:\/\/linitiative.ca\/International\/wp-json\/wp\/v2\/media?parent=141268"}],"wp:term":[{"taxonomy":"category","embeddable":true,"href":"https:\/\/linitiative.ca\/International\/wp-json\/wp\/v2\/categories?post=141268"},{"taxonomy":"post_tag","embeddable":true,"href":"https:\/\/linitiative.ca\/International\/wp-json\/wp\/v2\/tags?post=141268"}],"curies":[{"name":"wp","href":"https:\/\/api.w.org\/{rel}","templated":true}]}}