{"id":141269,"date":"2022-02-19T16:24:29","date_gmt":"2022-02-19T21:24:29","guid":{"rendered":"https:\/\/linitiative.ca\/International\/caf-cl-resultats-complets-et-classements-a-lissue-de-la-2e-journee\/"},"modified":"2022-02-19T16:24:29","modified_gmt":"2022-02-19T21:24:29","slug":"caf-cl-resultats-complets-et-classements-a-lissue-de-la-2e-journee","status":"publish","type":"post","link":"https:\/\/linitiative.ca\/International\/caf-cl-resultats-complets-et-classements-a-lissue-de-la-2e-journee\/","title":{"rendered":"CAF CL : R\u00e9sultats complets et classements \u00e0 l\u2019issue de la 2e journ\u00e9e"},"content":{"rendered":"<div>\n<p>Retrouvez ci-apr\u00e8s tous les r\u00e9sultats et classements, groupe par groupe, apr\u00e8s deux journ\u00e9es disput\u00e9es et avant la 3\u00e8me lev\u00e9e de la plus prestigieuse des comp\u00e9titions, qui se tiendra le vendredi 25 f\u00e9vrier prochain : Groupe A Al Merreikh (Soudan) 0 vs 0 Mamelodi Sundowns (Afrique du Sud) Al Hilal (Soudan) 0 vs 0 Al Ahly [\u2026]<\/p>\n<p>L\u2019article <a href=\"https:\/\/www.tunisienumerique.com\/caf-cl-resultats-complets-et-classements-a-lissue-de-la-2e-journee\/\">CAF CL : R\u00e9sultats complets et classements \u00e0 l\u2019issue de la 2e journ\u00e9e<\/a> est apparu en premier sur <a href=\"https:\/\/www.tunisienumerique.com\/\">Tunisie<\/a>.<\/p>\n<\/div>\n<p>Auteur: Hamza Ben Khlifa<br \/>\n<a href=\"https:\/\/www.tunisienumerique.com\/caf-cl-resultats-complets-et-classements-a-lissue-de-la-2e-journee\/\">Cliquez ici pour lire l&rsquo;article depuis sa source.<\/a><\/p>\n","protected":false},"excerpt":{"rendered":"<p>Retrouvez ci-apr\u00e8s tous les r\u00e9sultats et classements, groupe par groupe, apr\u00e8s deux journ\u00e9es disput\u00e9es et avant la 3\u00e8me lev\u00e9e de la plus prestigieuse des comp\u00e9titions, qui se tiendra le vendredi 25 f\u00e9vrier prochain : Groupe A Al Merreikh (Soudan) 0 vs 0 Mamelodi Sundowns (Afrique du Sud) Al Hilal (Soudan) 0 vs 0 Al Ahly [&hellip;]<\/p>\n","protected":false},"author":1789,"featured_media":0,"comment_status":"closed","ping_status":"closed","sticky":false,"template":"","format":"standard","meta":{"fifu_image_url":"","fifu_image_alt":"","footnotes":""},"categories":[73,55],"tags":[],"class_list":["post-141269","post","type-post","status-publish","format-standard","hentry","category-actualite","category-tunisie"],"_links":{"self":[{"href":"https:\/\/linitiative.ca\/International\/wp-json\/wp\/v2\/posts\/141269","targetHints":{"allow":["GET"]}}],"collection":[{"href":"https:\/\/linitiative.ca\/International\/wp-json\/wp\/v2\/posts"}],"about":[{"href":"https:\/\/linitiative.ca\/International\/wp-json\/wp\/v2\/types\/post"}],"author":[{"embeddable":true,"href":"https:\/\/linitiative.ca\/International\/wp-json\/wp\/v2\/users\/1789"}],"replies":[{"embeddable":true,"href":"https:\/\/linitiative.ca\/International\/wp-json\/wp\/v2\/comments?post=141269"}],"version-history":[{"count":0,"href":"https:\/\/linitiative.ca\/International\/wp-json\/wp\/v2\/posts\/141269\/revisions"}],"wp:attachment":[{"href":"https:\/\/linitiative.ca\/International\/wp-json\/wp\/v2\/media?parent=141269"}],"wp:term":[{"taxonomy":"category","embeddable":true,"href":"https:\/\/linitiative.ca\/International\/wp-json\/wp\/v2\/categories?post=141269"},{"taxonomy":"post_tag","embeddable":true,"href":"https:\/\/linitiative.ca\/International\/wp-json\/wp\/v2\/tags?post=141269"}],"curies":[{"name":"wp","href":"https:\/\/api.w.org\/{rel}","templated":true}]}}