{"id":14127,"date":"2019-02-14T04:31:00","date_gmt":"2019-02-14T09:31:00","guid":{"rendered":"https:\/\/linitiative.ca\/International\/pascal-zaida-coordonnateur-national-du-ced-si-le-president-kabore-demissionne-il-va-rentrer-dans-lhistoire\/"},"modified":"2019-02-14T04:31:00","modified_gmt":"2019-02-14T09:31:00","slug":"pascal-zaida-coordonnateur-national-du-ced-si-le-president-kabore-demissionne-il-va-rentrer-dans-lhistoire","status":"publish","type":"post","link":"https:\/\/linitiative.ca\/International\/pascal-zaida-coordonnateur-national-du-ced-si-le-president-kabore-demissionne-il-va-rentrer-dans-lhistoire\/","title":{"rendered":"PASCAL ZAIDA, COORDONNATEUR NATIONAL DU CED   :  \u00ab  Si le pr\u00e9sident Kabor\u00e9 d\u00e9missionne, il va rentrer dans l\u2019histoire \u00bb"},"content":{"rendered":"<p><img decoding=\"async\" class=\"post_layout_5_img\" src=\"http:\/\/lepays.bf\/wp-content\/uploads\/2019\/02\/01-3-1.jpg\" alt=\"PASCAL ZAIDA, COORDONNATEUR NATIONAL DU CED : \u00ab Si le pr\u00e9sident Kabor\u00e9 d\u00e9missionne, il va rentrer dans l\u2019histoire \u00bb\"\/><\/p>\n<p><strong>\u00a0<\/strong><\/p>\n<p><strong>Le coordonnateur national \u00a0du Cadre d\u2019expression d\u00e9mocratique (CED), Pascal Za\u00efda, \u00a0\u00e9tait \u00a0hier, 13 f\u00e9vrier 2019, face \u00e0 la\u00a0 presse, la toute premi\u00e8re de l\u2019ann\u00e9e 2019, \u00a0pour donner sa lecture de \u00a0certains points de \u00a0la situation nationale.\u00a0 Qualifiant le drame de \u00a0Yirgou et la neutralisation de 146 terroristes, de crimes contre l\u2019humanit\u00e9, \u00a0il \u00a0a r\u00e9clam\u00e9\u00a0 la mise en place d\u2019une commission d\u2019enqu\u00eate ind\u00e9pendante ainsi qu\u2019une autosaisine de la Cour p\u00e9nale internationale\u00a0 (CPI) et l\u2019Organisation des Nations unies (ONU) afin de faire toute la lumi\u00e8re. Aussi a-t-il demand\u00e9 au pr\u00e9sident du Faso, Roch Marc Christian Kabor\u00e9, de d\u00e9missionner \u00a0de sorte \u00e0 \u00ab\u00a0<em>rentrer dans l\u2019histoire<\/em>\u00a0\u00bb.<\/strong><\/p>\n<p><strong>\u00a0<\/strong><\/p>\n<p class=\"c4\">Ayant fait le constat que \u00ab\u00a0<em>le pays ne fait que reculer chaque jour que Dieu fait<\/em>\u00a0\u00bb, le coordonnateur national du CED,\u00a0 Pascal Za\u00efda, a d\u00e9cid\u00e9 de r\u00e9pondre \u00e0 un \u00ab\u00a0<em>devoir patriotique<\/em>\u00a0\u00bb\u00a0 en ne disant rien que la v\u00e9rit\u00e9,\u00a0 sur la situation nationale actuelle. A son avis, le pays va tr\u00e8s mal, et \u00ab\u00a0<em>jamais dans l\u2019histoire de ce pays,\u00a0 nous n\u2019avons assist\u00e9 \u00e0 autant de massacres<\/em>\u00a0\u00bb. Une \u00a0situation qui, selon lui, est due \u00e0 \u00ab\u00a0<em>l\u2019incapacit\u00e9 du pr\u00e9sident Kabor\u00e9 \u00e0 g\u00e9rer le pays<\/em>\u00a0\u00bb. \u00ab\u00a0<em>Le pr\u00e9sident Kabor\u00e9 est lui-m\u00eame le probl\u00e8me du Burkina Faso. \u00a0C\u2019est pourquoi nous disons que s\u2019il aime v\u00e9ritablement son peuple, s\u2019il est l\u00e0 \u00e0 cause des Burkinab\u00e8, qu\u2019il\u00a0 rende sa d\u00e9mission et \u00e0 ce moment, il sortira par la grande porte. Si, dans un discours \u00e0 la Nation, il disait qu\u2019au regard de la situation, il \u00a0se retirait, il rentrerait dans l\u2019histoire. En C\u00f4te d\u2019Ivoire, Guillaume Soro pouvait s\u2019ent\u00eater et rester, mais il a dit que pour l\u2019unit\u00e9 de son pays, il se \u00a0retirait. Que ceux qui veulent entendre, entendent.\u00a0 Je pense qu\u2019il vaut mieux conseiller le pr\u00e9sident Kabor\u00e9 \u00e0 rendre le tablier plut\u00f4t que de forcer \u00e0 gouverner le Burkina qu\u2019il ne peut pas g\u00e9rer\u00a0<\/em>\u00bb, a clam\u00e9 \u00a0Pascal Za\u00efda. Mais le CED, en tant qu\u2019OSC, a-t-il le droit de r\u00e9clamer la d\u00e9mission du chef de l\u2019Etat\u00a0?\u00a0 A cette\u00a0 interrogation d\u2019un journaliste, le coordonnateur a indiqu\u00e9 qu\u2019une OSC, \u00a0en plus de son \u00a0r\u00f4le de veille, est aussi une force de proposition. \u00ab\u00a0<em>La gestion du pouvoir public nous incombe aussi et chaque citoyen a le droit de contribuer \u00e0 sa mani\u00e8re pour que le pays avance. De 2015 \u00e0 aujourd\u2019hui, nous avons, \u00e0 maintes reprises, interpell\u00e9, alert\u00e9 les autorit\u00e9s et fait des propositions \u00a0qui sont rest\u00e9es sans suite. La situation ne fait que se d\u00e9grader. Tous les signaux sont au rouge. En 3 ans de pouvoir, nous avons plus de 600 morts. Le probl\u00e8me du Burkina Faso, c\u2019est Roch Kabor\u00e9 lui-m\u00eame, il faut qu\u2019il se retire donc\u00a0<\/em>\u00bb, a-t-il dit. L\u2019autre point abord\u00e9 a \u00e9t\u00e9 \u00a0le drame de Yirgou et la neutralisation de 146 terroristes par les forces arm\u00e9es, dans le Nord du pays. Pour\u00a0 Pascal Za\u00efda, il y a tout un d\u00e9bat contradictoire autour de ces deux faits, notamment en ce qui concerne les chiffres, si fait qu\u2019au <em>finish<\/em>, nul ne sait o\u00f9 se trouve la v\u00e9rit\u00e9.<\/p>\n<p><strong>\u00a0<\/strong><\/p>\n<p><strong>Une commission d\u2019enqu\u00eate ind\u00e9pendante pour\u00a0 faire toute la lumi\u00e8re<\/strong><\/p>\n<p><strong>\u00a0<\/strong><\/p>\n<p class=\"c4\"><em>C\u2019est pourquoi Pascal Za\u00efda et ses camarades ont demand\u00e9 la mise en place d\u2019une commission d\u2019enqu\u00eate ind\u00e9pendante afin de faire toute la lumi\u00e8re. \u00ab\u00a0Nous avons demand\u00e9 la mise en place d\u2019une commission d\u2019enqu\u00eate ind\u00e9pendante sur le g\u00e9nocide de Yirgou\u00a0 et le massacre de Kain, afin de situer les responsabilit\u00e9s. Nous demandons cela pour qu\u2019\u00e9clate toute la v\u00e9rit\u00e9. Seule une commission d\u2019enqu\u00eate ind\u00e9pendante fera son travail et sortira un rapport qui nous dira ce qui s\u2019est pass\u00e9 r\u00e9ellement. Dans le cadre de la lutte contre le terrorisme, on ne peut pas proc\u00e9der \u00e0 des ex\u00e9cutions sommaires\u00a0\u00bb, a-t-il d\u00e9clar\u00e9 avant d\u2019ajouter que ces deux \u00a0\u00e9l\u00e9ments \u00ab\u00a0sont des preuves r\u00e9unies et pour lesquelles les instances internationales\u00a0\u00bb devraient agir afin de mieux \u00e9clairer tous \u00a0ceux en qu\u00eate de v\u00e9rit\u00e9. Pour lui,\u00a0 ce qui s\u2019est pass\u00e9 \u00e0 Yirgou et \u00e0 Kain constitue des crimes contre l\u2019humanit\u00e9. A ce titre, poursuit-il l\u2019ONU et la CPI devraient s\u2019autosaisir. \u00ab\u00a0Le Burkina Faso a ratifi\u00e9 des conventions internationales. Ce qui veut dire que lorsque des cas de crime sont av\u00e9r\u00e9s dans un Etat de droit, ces instances sont habilit\u00e9es \u00e0 s\u2019autosaisir.\u00a0 Voil\u00e0 pourquoi nous avons demand\u00e9 que l\u2019ONU et la CPI s\u2019autosaisissent\u2026 Parce qu\u2019au-del\u00e0 de 55 personnes tu\u00e9es, cela devient un crime contre l\u2019humanit\u00e9. On n\u2019a pas voulu atteindre les 50 personnes tu\u00e9es \u00e0 Yirgou parce que des gens seront vis\u00e9s par la CPI\u00a0\u00bb, a estim\u00e9 M. Za\u00efda pour qui les questions de l\u2019unit\u00e9 nationale, de la r\u00e9conciliation nationale sont des questions essentielles vers lesquelles il faut tendre d\u00e9sormais. \u00a0\u00ab\u00a0Depuis longtemps, nous avons demand\u00e9 la r\u00e9conciliation nationale. Elle a toujours \u00e9t\u00e9 rejet\u00e9e. Nous estimons qu\u2019il est temps d\u2019aller vers cette unit\u00e9 nationale. Il faut que le peuple se r\u00e9concilie avec lui-m\u00eame\u00a0\u00bb, a-t-il conclu.<\/em><\/p>\n<p class=\"c4\"><em>\u00a0<\/em><\/p>\n<p><strong>Colette DRABO<\/strong><\/p>\n<p><strong>\u00a0<\/strong><\/p>\n<p><strong>\u00a0<\/strong><\/p>\n<p><strong>\u00a0<\/strong><\/p>\n<p>Auteur: Le Pays<br \/>\n<a href=\"http:\/\/lepays.bf\/pascal-zaida-coordonnateur-national-du-ced-si-le-president-kabore-demissionne-il-va-rentrer-dans-lhistoire\/\">Cliquez ici pour lire l&rsquo;article depuis sa source.<\/a><\/p>\n","protected":false},"excerpt":{"rendered":"<p>\u00a0 Le coordonnateur national \u00a0du Cadre d\u2019expression d\u00e9mocratique (CED), Pascal Za\u00efda, \u00a0\u00e9tait \u00a0hier, 13 f\u00e9vrier 2019, face \u00e0 la\u00a0 presse, la toute premi\u00e8re de l\u2019ann\u00e9e 2019, \u00a0pour donner sa lecture de \u00a0certains points de \u00a0la situation nationale.\u00a0 Qualifiant le drame de \u00a0Yirgou et la neutralisation de 146 terroristes, de crimes contre l\u2019humanit\u00e9, \u00a0il \u00a0a r\u00e9clam\u00e9\u00a0 [&hellip;]<\/p>\n","protected":false},"author":1813,"featured_media":14132,"comment_status":"closed","ping_status":"closed","sticky":false,"template":"","format":"standard","meta":{"fifu_image_url":"","fifu_image_alt":"","footnotes":""},"categories":[73,81],"tags":[],"class_list":["post-14127","post","type-post","status-publish","format-standard","has-post-thumbnail","hentry","category-actualite","category-burkina-faso"],"_links":{"self":[{"href":"https:\/\/linitiative.ca\/International\/wp-json\/wp\/v2\/posts\/14127","targetHints":{"allow":["GET"]}}],"collection":[{"href":"https:\/\/linitiative.ca\/International\/wp-json\/wp\/v2\/posts"}],"about":[{"href":"https:\/\/linitiative.ca\/International\/wp-json\/wp\/v2\/types\/post"}],"author":[{"embeddable":true,"href":"https:\/\/linitiative.ca\/International\/wp-json\/wp\/v2\/users\/1813"}],"replies":[{"embeddable":true,"href":"https:\/\/linitiative.ca\/International\/wp-json\/wp\/v2\/comments?post=14127"}],"version-history":[{"count":0,"href":"https:\/\/linitiative.ca\/International\/wp-json\/wp\/v2\/posts\/14127\/revisions"}],"wp:featuredmedia":[{"embeddable":true,"href":"https:\/\/linitiative.ca\/International\/wp-json\/"}],"wp:attachment":[{"href":"https:\/\/linitiative.ca\/International\/wp-json\/wp\/v2\/media?parent=14127"}],"wp:term":[{"taxonomy":"category","embeddable":true,"href":"https:\/\/linitiative.ca\/International\/wp-json\/wp\/v2\/categories?post=14127"},{"taxonomy":"post_tag","embeddable":true,"href":"https:\/\/linitiative.ca\/International\/wp-json\/wp\/v2\/tags?post=14127"}],"curies":[{"name":"wp","href":"https:\/\/api.w.org\/{rel}","templated":true}]}}