{"id":141270,"date":"2022-02-19T05:24:16","date_gmt":"2022-02-19T10:24:16","guid":{"rendered":"https:\/\/linitiative.ca\/International\/axe-banfora-bobo-3-morts-dans-le-braquage-dun-car-a-toussiana\/"},"modified":"2022-02-19T05:24:16","modified_gmt":"2022-02-19T10:24:16","slug":"axe-banfora-bobo-3-morts-dans-le-braquage-dun-car-a-toussiana","status":"publish","type":"post","link":"https:\/\/linitiative.ca\/International\/axe-banfora-bobo-3-morts-dans-le-braquage-dun-car-a-toussiana\/","title":{"rendered":"Axe Banfora-Bobo : 3 morts dans le braquage d\u2019un car \u00e0 Toussiana"},"content":{"rendered":"<div>\n<p>Le car d\u2019une compagnie de transport ayant quitt\u00e9 Banfora, tr\u00e8s t\u00f4t \u00e0 6 heures, ce samedi 19 f\u00e9vrier 2022, pour Bobo-Dioulasso, a \u00e9t\u00e9 la cible d\u2019une attaque sur les collines de Toussiana (province du Houet) \u00e0 une vingtaine de kilom\u00e8tres de Banfora.<\/p>\n<p>Selon les informations, c\u2019est apr\u00e8s avoir vainement tent\u00e9 d\u2019immobilier le car que des hommes lourdement arm\u00e9s ont ouvert le feu sur le v\u00e9hicule, faisant trois morts parmi les passagers. Une quatri\u00e8me personne, vigile d\u2019un pilonne d\u2019une t\u00e9l\u00e9phonie mobile, a aussi essuy\u00e9 les tirs de ces hommes arm\u00e9s dans les environs.<\/p>\n<p>Tout porte \u00e0 croire, selon certaines sources, qu\u2019il s\u2019agit d\u2019une attaque de bandits de grand chemin, contrairement \u00e0 des personnes qui faisaient \u00e9tat d\u2019une attaque terroriste.<\/p>\n<p style=\"text-align: right\"><strong>K.F.<\/strong><\/p>\n<p>L\u2019article <a rel=\"nofollow\" href=\"https:\/\/www.sidwaya.info\/blog\/2022\/02\/19\/axe-banfora-bobo-3-morts-dans-le-braquage-dun-car-a-toussiana\/\">Axe Banfora-Bobo : 3 morts dans le braquage d\u2019un car \u00e0 Toussiana<\/a> est apparu en premier sur <a rel=\"nofollow\" href=\"https:\/\/www.sidwaya.info\/\">Quotidien Sidwaya<\/a>.<\/p>\n<\/div>\n<p>Auteur: BANGRE SIDWAYA<br \/>\n<a href=\"https:\/\/www.sidwaya.info\/blog\/2022\/02\/19\/axe-banfora-bobo-3-morts-dans-le-braquage-dun-car-a-toussiana\/?utm_source=rss&#038;utm_medium=rss&#038;utm_campaign=axe-banfora-bobo-3-morts-dans-le-braquage-dun-car-a-toussiana\">Cliquez ici pour lire l&rsquo;article depuis sa source.<\/a><\/p>\n","protected":false},"excerpt":{"rendered":"<p>Le car d\u2019une compagnie de transport ayant quitt\u00e9 Banfora, tr\u00e8s t\u00f4t \u00e0 6 heures, ce samedi 19 f\u00e9vrier 2022, pour Bobo-Dioulasso, a \u00e9t\u00e9 la cible d\u2019une attaque sur les collines de Toussiana (province du Houet) \u00e0 une vingtaine de kilom\u00e8tres de Banfora. Selon les informations, c\u2019est apr\u00e8s avoir vainement tent\u00e9 d\u2019immobilier le car que des [&hellip;]<\/p>\n","protected":false},"author":1816,"featured_media":0,"comment_status":"closed","ping_status":"closed","sticky":false,"template":"","format":"standard","meta":{"fifu_image_url":"","fifu_image_alt":"","footnotes":""},"categories":[73,81],"tags":[],"class_list":["post-141270","post","type-post","status-publish","format-standard","hentry","category-actualite","category-burkina-faso"],"_links":{"self":[{"href":"https:\/\/linitiative.ca\/International\/wp-json\/wp\/v2\/posts\/141270","targetHints":{"allow":["GET"]}}],"collection":[{"href":"https:\/\/linitiative.ca\/International\/wp-json\/wp\/v2\/posts"}],"about":[{"href":"https:\/\/linitiative.ca\/International\/wp-json\/wp\/v2\/types\/post"}],"author":[{"embeddable":true,"href":"https:\/\/linitiative.ca\/International\/wp-json\/wp\/v2\/users\/1816"}],"replies":[{"embeddable":true,"href":"https:\/\/linitiative.ca\/International\/wp-json\/wp\/v2\/comments?post=141270"}],"version-history":[{"count":0,"href":"https:\/\/linitiative.ca\/International\/wp-json\/wp\/v2\/posts\/141270\/revisions"}],"wp:attachment":[{"href":"https:\/\/linitiative.ca\/International\/wp-json\/wp\/v2\/media?parent=141270"}],"wp:term":[{"taxonomy":"category","embeddable":true,"href":"https:\/\/linitiative.ca\/International\/wp-json\/wp\/v2\/categories?post=141270"},{"taxonomy":"post_tag","embeddable":true,"href":"https:\/\/linitiative.ca\/International\/wp-json\/wp\/v2\/tags?post=141270"}],"curies":[{"name":"wp","href":"https:\/\/api.w.org\/{rel}","templated":true}]}}