{"id":141271,"date":"2022-02-19T07:34:31","date_gmt":"2022-02-19T12:34:31","guid":{"rendered":"https:\/\/linitiative.ca\/International\/burkina-le-president-du-conseil-constitutionnel-kassoum-kambou-est-decede-a-paris\/"},"modified":"2022-02-19T07:34:31","modified_gmt":"2022-02-19T12:34:31","slug":"burkina-le-president-du-conseil-constitutionnel-kassoum-kambou-est-decede-a-paris","status":"publish","type":"post","link":"https:\/\/linitiative.ca\/International\/burkina-le-president-du-conseil-constitutionnel-kassoum-kambou-est-decede-a-paris\/","title":{"rendered":"Burkina\u00a0: Le pr\u00e9sident du Conseil Constitutionnel, Kassoum Kambou est d\u00e9c\u00e9d\u00e9 \u00e0 Paris"},"content":{"rendered":"<div>\n<p>Le pr\u00e9sident du Conseil Constitutionnel, Kassoum Kambou, est d\u00e9c\u00e9d\u00e9 ce samedi 19 f\u00e9vrier 2022, \u00e0 Paris (France), des suites de maladie.<\/p>\n<p>La R\u00e9daction<\/p>\n<p>L\u2019article <a rel=\"nofollow\" href=\"https:\/\/www.sidwaya.info\/blog\/2022\/02\/19\/burkina-le-president-du-conseil-constitutionnel-kassoum-kambou-est-decede-a-paris\/\">Burkina\u00a0: Le pr\u00e9sident du Conseil Constitutionnel, Kassoum Kambou est d\u00e9c\u00e9d\u00e9 \u00e0 Paris<\/a> est apparu en premier sur <a rel=\"nofollow\" href=\"https:\/\/www.sidwaya.info\/\">Quotidien Sidwaya<\/a>.<\/p>\n<\/div>\n<p>Auteur: BANGRE SIDWAYA<br \/>\n<a href=\"https:\/\/www.sidwaya.info\/blog\/2022\/02\/19\/burkina-le-president-du-conseil-constitutionnel-kassoum-kambou-est-decede-a-paris\/?utm_source=rss&#038;utm_medium=rss&#038;utm_campaign=burkina-le-president-du-conseil-constitutionnel-kassoum-kambou-est-decede-a-paris\">Cliquez ici pour lire l&rsquo;article depuis sa source.<\/a><\/p>\n","protected":false},"excerpt":{"rendered":"<p>Le pr\u00e9sident du Conseil Constitutionnel, Kassoum Kambou, est d\u00e9c\u00e9d\u00e9 ce samedi 19 f\u00e9vrier 2022, \u00e0 Paris (France), des suites de maladie. La R\u00e9daction L\u2019article Burkina\u00a0: Le pr\u00e9sident du Conseil Constitutionnel, Kassoum Kambou est d\u00e9c\u00e9d\u00e9 \u00e0 Paris est apparu en premier sur Quotidien Sidwaya. Auteur: BANGRE SIDWAYA Cliquez ici pour lire l&rsquo;article depuis sa source.<\/p>\n","protected":false},"author":1816,"featured_media":0,"comment_status":"closed","ping_status":"closed","sticky":false,"template":"","format":"standard","meta":{"fifu_image_url":"","fifu_image_alt":"","footnotes":""},"categories":[73,81],"tags":[],"class_list":["post-141271","post","type-post","status-publish","format-standard","hentry","category-actualite","category-burkina-faso"],"_links":{"self":[{"href":"https:\/\/linitiative.ca\/International\/wp-json\/wp\/v2\/posts\/141271","targetHints":{"allow":["GET"]}}],"collection":[{"href":"https:\/\/linitiative.ca\/International\/wp-json\/wp\/v2\/posts"}],"about":[{"href":"https:\/\/linitiative.ca\/International\/wp-json\/wp\/v2\/types\/post"}],"author":[{"embeddable":true,"href":"https:\/\/linitiative.ca\/International\/wp-json\/wp\/v2\/users\/1816"}],"replies":[{"embeddable":true,"href":"https:\/\/linitiative.ca\/International\/wp-json\/wp\/v2\/comments?post=141271"}],"version-history":[{"count":0,"href":"https:\/\/linitiative.ca\/International\/wp-json\/wp\/v2\/posts\/141271\/revisions"}],"wp:attachment":[{"href":"https:\/\/linitiative.ca\/International\/wp-json\/wp\/v2\/media?parent=141271"}],"wp:term":[{"taxonomy":"category","embeddable":true,"href":"https:\/\/linitiative.ca\/International\/wp-json\/wp\/v2\/categories?post=141271"},{"taxonomy":"post_tag","embeddable":true,"href":"https:\/\/linitiative.ca\/International\/wp-json\/wp\/v2\/tags?post=141271"}],"curies":[{"name":"wp","href":"https:\/\/api.w.org\/{rel}","templated":true}]}}