{"id":141274,"date":"2022-02-19T07:18:03","date_gmt":"2022-02-19T12:18:03","guid":{"rendered":"https:\/\/linitiative.ca\/International\/lutte-contre-la-secheresse-investissement-et-pib-au-menu-des-hebdomadaires-marocains\/"},"modified":"2022-02-19T07:18:03","modified_gmt":"2022-02-19T12:18:03","slug":"lutte-contre-la-secheresse-investissement-et-pib-au-menu-des-hebdomadaires-marocains","status":"publish","type":"post","link":"https:\/\/linitiative.ca\/International\/lutte-contre-la-secheresse-investissement-et-pib-au-menu-des-hebdomadaires-marocains\/","title":{"rendered":"Lutte contre la s\u00e9cheresse, investissement et PIB au menu des hebdomadaires marocains"},"content":{"rendered":"<div>\n<p><img decoding=\"async\" width=\"287\" height=\"176\" src=\"https:\/\/linitiative.ca\/International\/wp-content\/uploads\/sites\/23\/2022\/02\/16452730845813.jpg\" class=\"attachment-post-thumbnail size-post-thumbnail wp-post-image\" alt=\"\" loading=\"lazy\"><\/p>\n<p>Le programme exceptionnel con\u00e7u pour att\u00e9nuer les effets de la s\u00e9cheresse, le projet de la Nouvelle Charte de l&rsquo;investissement, et le doublement du PIB par habitant \u00e0 l&rsquo;horizon 2035, sont les principaux sujets trait\u00e9s par les hebdomadaires marocains parus ce samedi.+Challenge+ indique qu&rsquo;en r\u00e9unissant le chef de gouvernement et le ministre de l&rsquo;Agriculture, de la P\u00eache maritime, du D\u00e9veloppement rural et des Eaux et for\u00eats, le Roi Mohammed VI \u00ab\u00a0a donn\u00e9 un signal fort \u00e0 nos responsables politiques\u00a0\u00bb, aussi bien ceux disposant d&rsquo;une majorit\u00e9 politique que \u00ab\u00a0ceux jouant difficilement le r\u00f4le d&rsquo;opposition\u00a0\u00bb.<\/p>\n<p>Un plan d&rsquo;urgence a \u00e9t\u00e9 adopt\u00e9 avec un financement global de 10 milliards de dirhams et d\u00e9clin\u00e9 le lendemain autour de trois principaux axes dont la protection du capital animal et v\u00e9g\u00e9tal, la gestion de la raret\u00e9 des eaux, l&rsquo;assurance agricole et l&rsquo;all\u00e9gement des charges financi\u00e8res des agriculteurs, explique l&rsquo;hebdomadaire.<\/p>\n<p>Le projet de la nouvelle charte de l&rsquo;investissement, dont les grandes lignes ont \u00e9t\u00e9 pr\u00e9sent\u00e9es mercredi devant le Souverain, rev\u00eat quant \u00e0 lui une importance strat\u00e9gique, ajoute-t-il.<\/p>\n<p>Il est surtout question de passer \u00e0 l&rsquo;action, d&rsquo;acc\u00e9l\u00e9rer la mise en \u0153uvre des grandes r\u00e9formes strat\u00e9giques, car il est impossible d&rsquo;esp\u00e9rer r\u00e9aliser une croissance inclusive sans des investissements priv\u00e9s de qualit\u00e9, c&rsquo;est-\u00e0-dire producteurs de richesses et d&#8217;emploi, explique-t-il.<\/p>\n<p>Le gouvernement actuel a l&rsquo;avantage de disposer d&rsquo;un nouveau mod\u00e8le de d\u00e9veloppement, en tant que \u00ab\u00a0boussole\u00a0\u00bb, pour \u00e9laborer les politiques publiques et se doter d&rsquo;un mode de pilotage efficace, estime-t-il.<\/p>\n<p>+La Vie Eco+ \u00e9crit que le \u00ab\u00a0grand virage\u00a0\u00bb que prendra le Maroc pour les 15 prochaines ann\u00e9es dans le cadre du Nouveau mod\u00e8le de d\u00e9veloppement n\u00e9cessitera des r\u00e9visions en profondeur dont quelques-unes sont d&rsquo;ailleurs d\u00e9j\u00e0 enclench\u00e9es.<\/p>\n<p>Sur le plan institutionnel, les 15 prochaines ann\u00e9es devraient en toute logique voir \u00e9merger un acteur central qui est la R\u00e9gion appel\u00e9e \u00e0 devenir le principal moteur du d\u00e9veloppement territorial dans une optique de r\u00e9\u00e9quilibrage spatial de la croissance \u00e9conomique et de ses effets induits.<\/p>\n<p>Sur le plan \u00e9conomique, aussi bien macro que micro, la transformation industrielle avec la nouvelle logique de souverainet\u00e9, la strat\u00e9gie agricole de nouvelle g\u00e9n\u00e9ration ou encore la refonte fiscale, en plus d&rsquo;autres plans sectoriels \u00e0 venir, constitueront la colonne vert\u00e9brale pour r\u00e9inventer le tissu \u00e9conomique et productif.<\/p>\n<p>+Finances News Hebdo+, qui aborde le doublement du PIB par habitant \u00e0 l&rsquo;horizon 2035, un objectif mentionn\u00e9 dans le Nouveau mod\u00e8le de d\u00e9veloppement, se demande si le Maroc est vraiment capable d&rsquo;y parvenir.<\/p>\n<p>Il ne s&rsquo;agit pas d&rsquo;\u00eatre pessimiste, mais la structure actuelle de l&rsquo;\u00e9conomie nationale autorise \u00e0 \u00e9mettre de \u00ab\u00a0s\u00e9rieux doutes\u00a0\u00bb, car cet objectif exige du Royaume d&rsquo;atteindre un nouveau palier de croissance, qui doit se situer \u00e0 un rythme moyen annuel sup\u00e9rieur \u00e0 6%, explique l&rsquo;\u00e9ditorialiste.<\/p>\n<p>D\u00e9j\u00e0, pour l&rsquo;exercice 2022, tout est compromis. D&rsquo;abord, le \u00ab\u00a0petit\u00a0\u00bb 3,2% sur lequel tablait le gouvernement est loin de l&rsquo;ambition v\u00e9hicul\u00e9e par le nouveau mod\u00e8le de d\u00e9veloppement. Ensuite, m\u00eame ce niveau de croissance, qui ne permet gu\u00e8re de r\u00e9sorber le ch\u00f4mage end\u00e9mique, ne sera probablement pas r\u00e9alis\u00e9, car l&rsquo;\u00e9conomie marocaine est confront\u00e9e au fl\u00e9au structurel qu&rsquo;est la s\u00e9cheresse, qui devient de plus en plus r\u00e9currente et s\u00e9v\u00e8re, notamment avec le changement climatique, ajoute-t-il.<\/p>\n<p>\u00ab\u00a0Alors, un taux de croissance moyen annuel sup\u00e9rieur \u00e0 6% \u00e0 l&rsquo;horizon 2035, est-ce une ambition r\u00e9aliste ou simplement une vue de l&rsquo;esprit ?\u00a0\u00bb, s&rsquo;interroge-t-il. \u00ab\u00a0Tant que l&rsquo;\u00e9conomie nationale restera autant tributaire de l&rsquo;agriculture, et donc des pr\u00e9cipitations, cette ambition restera, \u00e0 coup s\u00fbr, une simple clause de style\u00a0\u00bb, estime la publication.<\/p>\n<p>Cet article <a rel=\"nofollow\" href=\"https:\/\/www.journalducameroun.com\/lutte-contre-la-secheresse-investissement-et-pib-au-menu-des-hebdomadaires-marocains\/\">Lutte contre la s\u00e9cheresse, investissement et PIB au menu des hebdomadaires marocains<\/a> est apparu en premier sur <a rel=\"nofollow\" href=\"https:\/\/www.journalducameroun.com\/\">Journal du Cameroun<\/a>.<\/p>\n<\/div>\n<p>Auteur: APA News<br \/>\n<a href=\"https:\/\/www.journalducameroun.com\/lutte-contre-la-secheresse-investissement-et-pib-au-menu-des-hebdomadaires-marocains\/\">Cliquez ici pour lire l&rsquo;article depuis sa source.<\/a><\/p>\n","protected":false},"excerpt":{"rendered":"<p>Le programme exceptionnel con\u00e7u pour att\u00e9nuer les effets de la s\u00e9cheresse, le projet de la Nouvelle Charte de l&rsquo;investissement, et le doublement du PIB par habitant \u00e0 l&rsquo;horizon 2035, sont les principaux sujets trait\u00e9s par les hebdomadaires marocains parus ce samedi.+Challenge+ indique qu&rsquo;en r\u00e9unissant le chef de gouvernement et le ministre de l&rsquo;Agriculture, de la [&hellip;]<\/p>\n","protected":false},"author":1965,"featured_media":0,"comment_status":"closed","ping_status":"closed","sticky":false,"template":"","format":"standard","meta":{"fifu_image_url":"https:\/\/www.journalducameroun.com\/wp-content\/uploads\/2022\/02\/16452730845813.jpg","fifu_image_alt":"Lutte contre la s\u00e9cheresse, investissement et PIB au menu des hebdomadaires marocains","footnotes":""},"categories":[73,82],"tags":[],"class_list":["post-141274","post","type-post","status-publish","format-standard","hentry","category-actualite","category-cameroun"],"_links":{"self":[{"href":"https:\/\/linitiative.ca\/International\/wp-json\/wp\/v2\/posts\/141274","targetHints":{"allow":["GET"]}}],"collection":[{"href":"https:\/\/linitiative.ca\/International\/wp-json\/wp\/v2\/posts"}],"about":[{"href":"https:\/\/linitiative.ca\/International\/wp-json\/wp\/v2\/types\/post"}],"author":[{"embeddable":true,"href":"https:\/\/linitiative.ca\/International\/wp-json\/wp\/v2\/users\/1965"}],"replies":[{"embeddable":true,"href":"https:\/\/linitiative.ca\/International\/wp-json\/wp\/v2\/comments?post=141274"}],"version-history":[{"count":0,"href":"https:\/\/linitiative.ca\/International\/wp-json\/wp\/v2\/posts\/141274\/revisions"}],"wp:attachment":[{"href":"https:\/\/linitiative.ca\/International\/wp-json\/wp\/v2\/media?parent=141274"}],"wp:term":[{"taxonomy":"category","embeddable":true,"href":"https:\/\/linitiative.ca\/International\/wp-json\/wp\/v2\/categories?post=141274"},{"taxonomy":"post_tag","embeddable":true,"href":"https:\/\/linitiative.ca\/International\/wp-json\/wp\/v2\/tags?post=141274"}],"curies":[{"name":"wp","href":"https:\/\/api.w.org\/{rel}","templated":true}]}}