{"id":141276,"date":"2022-02-19T12:18:03","date_gmt":"2022-02-19T17:18:03","guid":{"rendered":"https:\/\/linitiative.ca\/International\/presence-minusma-au-mali-macky-sall-interpelle-lonu\/"},"modified":"2022-02-19T12:18:03","modified_gmt":"2022-02-19T17:18:03","slug":"presence-minusma-au-mali-macky-sall-interpelle-lonu","status":"publish","type":"post","link":"https:\/\/linitiative.ca\/International\/presence-minusma-au-mali-macky-sall-interpelle-lonu\/","title":{"rendered":"Pr\u00e9sence Minusma au Mali: Macky Sall interpelle l\u2019Onu"},"content":{"rendered":"<div>\n<p><img decoding=\"async\" width=\"960\" height=\"621\" src=\"https:\/\/linitiative.ca\/International\/wp-content\/uploads\/sites\/23\/2022\/02\/16452910835602.jpg\" class=\"attachment-post-thumbnail size-post-thumbnail wp-post-image\" alt=\"\" loading=\"lazy\" srcset=\"https:\/\/linitiative.ca\/International\/wp-content\/uploads\/sites\/23\/2022\/02\/16452910835602.jpg 960w, https:\/\/www.journalducameroun.com\/wp-content\/uploads\/2022\/02\/16452910835602-300x194.jpg 300w, https:\/\/www.journalducameroun.com\/wp-content\/uploads\/2022\/02\/16452910835602-768x497.jpg 768w, https:\/\/www.journalducameroun.com\/wp-content\/uploads\/2022\/02\/16452910835602-680x440.jpg 680w, https:\/\/www.journalducameroun.com\/wp-content\/uploads\/2022\/02\/16452910835602-600x388.jpg 600w\" sizes=\"auto, (max-width: 960px) 100vw, 960px\"><\/p>\n<p>Le pr\u00e9sident de l&rsquo;Union africaine Macky Sall, s&rsquo;est dit\u00a0pr\u00e9occup\u00e9 par l&rsquo;avenir de la Minusma, la mission de paix des Nations unies au Mali.Pour lutter contre la menace jihadistes Sahel et plus g\u00e9n\u00e9ralement en Afrique, Macky Sall appelle \u00e0 la mise en place d&rsquo;une coalition antiterroriste \u00ab globale \u00bb.\u00a0<\/p>\n<p>Selon le pr\u00e9sident en exercice de l&rsquo;UA, les Nations unies doivent assumer leur responsabilit\u00e9 dans cette guerre contre le terrorisme, car il appartient\u00a0au Conseil de s\u00e9curit\u00e9 de l&rsquo;Onu en premier chef,\u00a0de lutter contre l&rsquo;ins\u00e9curit\u00e9 et de promouvoir la paix partout dans le monde.<\/p>\n<p>Selon Macky Sall, \u00ab quand il s&rsquo;agit de lutter contre le terrorisme ailleurs dans le monde, il a fallu des coalitions antiterroriste<br \/>\n\tglobale \u00bb\u00a0et d&rsquo;ajouter\u00a0<br \/>\n\til n&rsquo;y a pas de raison que quand il s&rsquo;agit de l&rsquo;Afrique, on en fasse une affaire des Africains et de quelques pays europ\u00e9ens.\u00a0\u00bb<\/p>\n<p>Pour lui, la \u00ab Minusma est une force de maintien de la paix. Ce sont des Casques bleus\u00a0\u00bb dit-il, \u00ab ils n&rsquo;ont ni le mat\u00e9riel ni le mandat pour faire la guerre. Qui va les prot\u00e9ger?\u00a0\u00bb \u00a0apr\u00e8s le d\u00e9part de Barkhane et Takuba, s&rsquo;interroge le pr\u00e9sident s\u00e9n\u00e9galais dans une sortie m\u00e9diatique \u00e0 Paris.\u00a0<\/p>\n<p>Macky Sall est convaincu qu&rsquo;il faut une r\u00e9ponse globale \u00e0 la question car \u00ab le probl\u00e8me de la s\u00e9curit\u00e9 et de la lutte contre le terrorisme en Afrique d\u00e9passe le cadre du Sahel : c&rsquo;est toute l&rsquo;Afrique aujourd&rsquo;hui qui est atteinte \u00bb, dit-il.<\/p>\n<p>La mission de la Minusma au Mali prend fin le 30 juin 2022. La France, ancienne puissance coloniale \u00e0 la charge de r\u00e9diger les r\u00e9solutions du Conseil de s\u00e9curit\u00e9 sur le Mali, notamment sur les sanctions et sur l&rsquo;extension du mandat des Casques bleus.<\/p>\n<p>Mais sa d\u00e9cision concert\u00e9e \u00a0avec l&rsquo;Union europ\u00e9enne de quitter le Mali, pourrait entra\u00eener dans son sillage, le d\u00e9part des forces militaires allemandes et anglaises dans le cadre de la Minusma. Ces pays, s&rsquo;\u00e9taient engag\u00e9s au Mali \u00e0 cause de la pr\u00e9sence de la force militaire fran\u00e7aise Barkhane.<\/p>\n<p>D\u00e9ploy\u00e9e au Mali en 2013 apr\u00e8s le d\u00e9clenchement de la guerre, la force onusienne compte 13.000 soldats. Elle a d\u00e9j\u00e0 perdu plus de 150 soldats au Mali.\u00a0<\/p>\n<p>Cet article <a rel=\"nofollow\" href=\"https:\/\/www.journalducameroun.com\/presence-minusma-au-mali-macky-sall-interpelle-lonu\/\">Pr\u00e9sence Minusma au Mali: Macky Sall interpelle l\u2019Onu<\/a> est apparu en premier sur <a rel=\"nofollow\" href=\"https:\/\/www.journalducameroun.com\/\">Journal du Cameroun<\/a>.<\/p>\n<\/div>\n<p>Auteur: APA News<br \/>\n<a href=\"https:\/\/www.journalducameroun.com\/presence-minusma-au-mali-macky-sall-interpelle-lonu\/\">Cliquez ici pour lire l&rsquo;article depuis sa source.<\/a><\/p>\n","protected":false},"excerpt":{"rendered":"<p>Le pr\u00e9sident de l&rsquo;Union africaine Macky Sall, s&rsquo;est dit\u00a0pr\u00e9occup\u00e9 par l&rsquo;avenir de la Minusma, la mission de paix des Nations unies au Mali.Pour lutter contre la menace jihadistes Sahel et plus g\u00e9n\u00e9ralement en Afrique, Macky Sall appelle \u00e0 la mise en place d&rsquo;une coalition antiterroriste \u00ab globale \u00bb.\u00a0 Selon le pr\u00e9sident en exercice de l&rsquo;UA, [&hellip;]<\/p>\n","protected":false},"author":1965,"featured_media":0,"comment_status":"closed","ping_status":"closed","sticky":false,"template":"","format":"standard","meta":{"fifu_image_url":"https:\/\/www.journalducameroun.com\/wp-content\/uploads\/2022\/02\/16452910835602.jpg","fifu_image_alt":"Pr\u00e9sence Minusma au Mali: Macky Sall interpelle l\u2019Onu","footnotes":""},"categories":[73,82],"tags":[],"class_list":["post-141276","post","type-post","status-publish","format-standard","hentry","category-actualite","category-cameroun"],"_links":{"self":[{"href":"https:\/\/linitiative.ca\/International\/wp-json\/wp\/v2\/posts\/141276","targetHints":{"allow":["GET"]}}],"collection":[{"href":"https:\/\/linitiative.ca\/International\/wp-json\/wp\/v2\/posts"}],"about":[{"href":"https:\/\/linitiative.ca\/International\/wp-json\/wp\/v2\/types\/post"}],"author":[{"embeddable":true,"href":"https:\/\/linitiative.ca\/International\/wp-json\/wp\/v2\/users\/1965"}],"replies":[{"embeddable":true,"href":"https:\/\/linitiative.ca\/International\/wp-json\/wp\/v2\/comments?post=141276"}],"version-history":[{"count":0,"href":"https:\/\/linitiative.ca\/International\/wp-json\/wp\/v2\/posts\/141276\/revisions"}],"wp:attachment":[{"href":"https:\/\/linitiative.ca\/International\/wp-json\/wp\/v2\/media?parent=141276"}],"wp:term":[{"taxonomy":"category","embeddable":true,"href":"https:\/\/linitiative.ca\/International\/wp-json\/wp\/v2\/categories?post=141276"},{"taxonomy":"post_tag","embeddable":true,"href":"https:\/\/linitiative.ca\/International\/wp-json\/wp\/v2\/tags?post=141276"}],"curies":[{"name":"wp","href":"https:\/\/api.w.org\/{rel}","templated":true}]}}