{"id":141278,"date":"2022-02-19T13:59:34","date_gmt":"2022-02-19T18:59:34","guid":{"rendered":"https:\/\/linitiative.ca\/International\/cameroun-elvis-nsanbila-et-tatah-vainqueurs-de-la-27e-edition-de-la-course-de-lespoir\/"},"modified":"2022-02-19T13:59:34","modified_gmt":"2022-02-19T18:59:34","slug":"cameroun-elvis-nsanbila-et-tatah-vainqueurs-de-la-27e-edition-de-la-course-de-lespoir","status":"publish","type":"post","link":"https:\/\/linitiative.ca\/International\/cameroun-elvis-nsanbila-et-tatah-vainqueurs-de-la-27e-edition-de-la-course-de-lespoir\/","title":{"rendered":"Cameroun : Elvis Nsanbila et Tatah vainqueurs de la 27\u00e8 \u00e9dition de la Course de l\u2019espoir"},"content":{"rendered":"<div>\n<p><img decoding=\"async\" width=\"1040\" height=\"780\" src=\"https:\/\/linitiative.ca\/International\/wp-content\/uploads\/sites\/23\/2022\/02\/IMG-20220219-WA0037.jpg\" class=\"attachment-post-thumbnail size-post-thumbnail wp-post-image\" alt=\"Les rideaux se referment sur l\u2019Ascension du Mont Cameroun 2022\" loading=\"lazy\" srcset=\"https:\/\/linitiative.ca\/International\/wp-content\/uploads\/sites\/23\/2022\/02\/IMG-20220219-WA0037.jpg 1040w, https:\/\/www.journalducameroun.com\/wp-content\/uploads\/2022\/02\/IMG-20220219-WA0037-300x225.jpg 300w, https:\/\/www.journalducameroun.com\/wp-content\/uploads\/2022\/02\/IMG-20220219-WA0037-1024x768.jpg 1024w, https:\/\/www.journalducameroun.com\/wp-content\/uploads\/2022\/02\/IMG-20220219-WA0037-768x576.jpg 768w, https:\/\/www.journalducameroun.com\/wp-content\/uploads\/2022\/02\/IMG-20220219-WA0037-587x440.jpg 587w, https:\/\/www.journalducameroun.com\/wp-content\/uploads\/2022\/02\/IMG-20220219-WA0037-600x450.jpg 600w\" sizes=\"auto, (max-width: 1040px) 100vw, 1040px\"><\/p>\n<h2 style=\"text-align: justify;\">Les deux athl\u00e8tes ont \u00e9t\u00e9 les premiers \u00e0 franchir la ligne d\u2019arriv\u00e9e chacun dans sa cat\u00e9gorie, au terme de la 27\u00e8 \u00e9dition de l\u2019Ascension du Mont Cameroun ce 19 f\u00e9vrier 2022 \u00e0 Buea.<\/h2>\n<p style=\"text-align: justify;\">Jour inoubliable pour la r\u00e9gion du Nord-Ouest au Cameroun. Deux ressortissants de la r\u00e9gion montent sur le podium et d\u00e9crochent la <strong>m\u00e9daille d&rsquo;or<\/strong>. Il s&rsquo;agit <strong>d&rsquo;Elvis Nsanbila<\/strong> chez les hommes et <strong>Tatah Carine<\/strong> chez les femmes. Elle est \u00e9galement la premi\u00e8re \u00e0 atteindre le sommet de la montagne.<\/p>\n<p style=\"text-align: justify;\">Pour le reste du podium, Kitan Midred talonne Tatah Carine alors que <strong>Godlove Gabsibuin<\/strong> vient juste derri\u00e8re <strong>Elvis Nsanbila<\/strong>. Comme troisi\u00e8me chez les femmes, <strong>Tumi Makrina<\/strong> On a par ailleurs <strong>Alain No\u00ebl Mekulu Mvondo<\/strong>, directeur g\u00e9n\u00e9ral de la CNPS qui sort second de la course des v\u00e9t\u00e9rans.<\/p>\n<p style=\"text-align: justify;\">Les vainqueurs re\u00e7oivent chez les hommes comme chez les femmes, un montant de 10 millions pour les premiers, 7 millions pour les deuxi\u00e8mes et 5 millions pour les troisi\u00e8mes.<\/p>\n<p style=\"text-align: justify;\">Dans les autres cat\u00e9gories dont les juniors masculins, le vainqueur a re\u00e7u 2millions, relais homme, 1 millions, relais dame 1 million. M\u00eame montant chez les dames.<\/p>\n<p style=\"text-align: justify;\">La victoire <strong>d&rsquo;Elvis<\/strong> <strong>Sabila<\/strong> est un fruit de la solidarit\u00e9. Tout au long de la course, l&rsquo;athl\u00e8te de <strong>Saint Joseph athletic club<\/strong> de Kumbo a fait preuve d&rsquo;entente avec son principal challenger du jour, <strong>Godlove Gabsibuin. <\/strong><\/p>\n<p style=\"text-align: justify;\">L&rsquo;objectif \u00e9tait de devancer les K\u00e9nyans. Il fallait jouer tactique et emp\u00eacher les \u00e9trangers de savoir qui allait prendre de l&rsquo;avance.<\/p>\n<p style=\"text-align: justify;\">A c\u00f4t\u00e9 de cela, il s&rsquo;est montr\u00e9 vif dans les montagnes question d&rsquo;y arriver rapidement et prendre une avance sur Godlove au niveau de la descente. Au micro de la CRTV, il confie que Godlove Gabsibui lui fait comprendre qu&rsquo;il est fatigu\u00e9 et lui a laiss\u00e9 prendre les devants.<\/p>\n<p style=\"text-align: justify;\">Pour ce qui est de Tatah Carine, son d\u00e9sir de toujours aller plus loin et ressembler \u00e0 Sarah Etongue l\u2019a motiv\u00e9. \u201cJe n&rsquo;\u00e9tais pas contente d&rsquo;\u00eatre sortie deuxi\u00e8me la fois derni\u00e8re. \u00c7a m&rsquo;a motiv\u00e9 \u00e0 m&rsquo;entra\u00eener ardemment\u201d.<\/p>\n<p style=\"text-align: justify;\">Sa victoire, elle l\u2019a capitalis\u00e9e au niveau de la descente de la montagne. Connaissant bien sa co\u00e9quipi\u00e8re aux entra\u00eenements, Midred Kitang, elle a pris de l&rsquo;avance au niveau de la montagne. Elle savait que c&rsquo;\u00e9tait la meilleure astuce car Midred est bonne dans les derni\u00e8res tranches. Il fallait alors la d\u00e9passer d\u00e8s la mont\u00e9e pour semer assez de distance confie-t-elle \u00e0 nos confr\u00e8res de la CRTV.<\/p>\n<p style=\"text-align: justify;\">Au fil des ann\u00e9es, la <a href=\"https:\/\/www.journalducameroun.com\/ascension-du-mont-cameroun-500-athletes-sur-la-ligne-de-depart-ce-19-fevrier-2022\/\"><strong>Course de l&rsquo;espoir<\/strong><\/a> devenu l\u2019un des rendez-vous les plus embl\u00e9matiques de l&rsquo;athl\u00e9tisme au Cameroun. Elle fait partie des meetings sportifs qui ne cessent de monter et compter en Afrique. Le nombre d&rsquo;athl\u00e8tes \u00e9trangers qui y participent ne cessent de cro\u00eetre.<\/p>\n<p>Cet article <a rel=\"nofollow\" href=\"https:\/\/www.journalducameroun.com\/cameroun-elvis-nsanbila-et-tatah-vainqueurs-de-la-27e-edition-de-la-course-de-lespoir\/\">Cameroun : Elvis Nsanbila et Tatah vainqueurs de la 27\u00e8 \u00e9dition de la Course de l\u2019espoir<\/a> est apparu en premier sur <a rel=\"nofollow\" href=\"https:\/\/www.journalducameroun.com\/\">Journal du Cameroun<\/a>.<\/p>\n<\/div>\n<p>Auteur: Arnaud MAWEL<br \/>\n<a href=\"https:\/\/www.journalducameroun.com\/cameroun-elvis-nsanbila-et-tatah-vainqueurs-de-la-27e-edition-de-la-course-de-lespoir\/\">Cliquez ici pour lire l&rsquo;article depuis sa source.<\/a><\/p>\n","protected":false},"excerpt":{"rendered":"<p>Les deux athl\u00e8tes ont \u00e9t\u00e9 les premiers \u00e0 franchir la ligne d\u2019arriv\u00e9e chacun dans sa cat\u00e9gorie, au terme de la 27\u00e8 \u00e9dition de l\u2019Ascension du Mont Cameroun ce 19 f\u00e9vrier 2022 \u00e0 Buea. Jour inoubliable pour la r\u00e9gion du Nord-Ouest au Cameroun. Deux ressortissants de la r\u00e9gion montent sur le podium et d\u00e9crochent la m\u00e9daille [&hellip;]<\/p>\n","protected":false},"author":1965,"featured_media":0,"comment_status":"closed","ping_status":"closed","sticky":false,"template":"","format":"standard","meta":{"fifu_image_url":"https:\/\/www.journalducameroun.com\/wp-content\/uploads\/2022\/02\/IMG-20220219-WA0037.jpg","fifu_image_alt":"Cameroun : Elvis Nsanbila et Tatah vainqueurs de la 27\u00e8 \u00e9dition de la Course de l\u2019espoir","footnotes":""},"categories":[73,82],"tags":[],"class_list":["post-141278","post","type-post","status-publish","format-standard","hentry","category-actualite","category-cameroun"],"_links":{"self":[{"href":"https:\/\/linitiative.ca\/International\/wp-json\/wp\/v2\/posts\/141278","targetHints":{"allow":["GET"]}}],"collection":[{"href":"https:\/\/linitiative.ca\/International\/wp-json\/wp\/v2\/posts"}],"about":[{"href":"https:\/\/linitiative.ca\/International\/wp-json\/wp\/v2\/types\/post"}],"author":[{"embeddable":true,"href":"https:\/\/linitiative.ca\/International\/wp-json\/wp\/v2\/users\/1965"}],"replies":[{"embeddable":true,"href":"https:\/\/linitiative.ca\/International\/wp-json\/wp\/v2\/comments?post=141278"}],"version-history":[{"count":0,"href":"https:\/\/linitiative.ca\/International\/wp-json\/wp\/v2\/posts\/141278\/revisions"}],"wp:attachment":[{"href":"https:\/\/linitiative.ca\/International\/wp-json\/wp\/v2\/media?parent=141278"}],"wp:term":[{"taxonomy":"category","embeddable":true,"href":"https:\/\/linitiative.ca\/International\/wp-json\/wp\/v2\/categories?post=141278"},{"taxonomy":"post_tag","embeddable":true,"href":"https:\/\/linitiative.ca\/International\/wp-json\/wp\/v2\/tags?post=141278"}],"curies":[{"name":"wp","href":"https:\/\/api.w.org\/{rel}","templated":true}]}}