{"id":141280,"date":"2022-02-19T15:18:02","date_gmt":"2022-02-19T20:18:02","guid":{"rendered":"https:\/\/linitiative.ca\/International\/sommet-ue-ua-vers-un-partenariat-renouvele-declaration-conjointe\/"},"modified":"2022-02-19T15:18:02","modified_gmt":"2022-02-19T20:18:02","slug":"sommet-ue-ua-vers-un-partenariat-renouvele-declaration-conjointe","status":"publish","type":"post","link":"https:\/\/linitiative.ca\/International\/sommet-ue-ua-vers-un-partenariat-renouvele-declaration-conjointe\/","title":{"rendered":"Sommet UE-UA: vers un partenariat renouvel\u00e9 (d\u00e9claration conjointe)"},"content":{"rendered":"<div>\n<p><img decoding=\"async\" width=\"300\" height=\"168\" src=\"https:\/\/linitiative.ca\/International\/wp-content\/uploads\/sites\/23\/2022\/02\/16453018833010.jpg\" class=\"attachment-post-thumbnail size-post-thumbnail wp-post-image\" alt=\"\" loading=\"lazy\" srcset=\"https:\/\/linitiative.ca\/International\/wp-content\/uploads\/sites\/23\/2022\/02\/16453018833010.jpg 300w, https:\/\/www.journalducameroun.com\/wp-content\/uploads\/2022\/02\/16453018833010-780x440.jpg 780w, https:\/\/www.journalducameroun.com\/wp-content\/uploads\/2022\/02\/16453018833010-160x90.jpg 160w, https:\/\/www.journalducameroun.com\/wp-content\/uploads\/2022\/02\/16453018833010-240x135.jpg 240w\" sizes=\"auto, (max-width: 300px) 100vw, 300px\"><\/p>\n<p>Le 6\u00e8me Sommet Union Africaine-Union Europ\u00e9enne a clos ses travaux, vendredi \u00e0 Bruxelles, par l&rsquo;adoption d&rsquo;une d\u00e9claration conjointe pr\u00f4nant un partenariat renouvel\u00e9 dans diff\u00e9rents domaines, tels que la s\u00e9curit\u00e9 et le d\u00e9veloppement durable.\u00a0\u00bbConscients des possibilit\u00e9s et des d\u00e9fis communs sans pr\u00e9c\u00e9dent et toujours plus nombreux, les dirigeants de l&rsquo;UE et de l&rsquo;UA adh\u00e8rent \u00e0 une vision commune d&rsquo;un partenariat renouvel\u00e9 pour construire un avenir commun, en tant que partenaires et voisins les plus proches\u00a0\u00bb, peut-on lire dans la d\u00e9claration.<\/p>\n<p>Pour les chefs d&rsquo;Etat et de gouvernements de l&rsquo;UE et de l&rsquo;UA, cette vision commune vise \u00e0 \u00ab\u00a0consolider un partenariat renouvel\u00e9 pour la solidarit\u00e9, la s\u00e9curit\u00e9, la paix, le d\u00e9veloppement \u00e9conomique durable et inscrit dans la dur\u00e9e et la prosp\u00e9rit\u00e9\u00a0\u00bb pour les g\u00e9n\u00e9rations futures et r\u00e9unissons les peuples, les r\u00e9gions et les organisations.<\/p>\n<p>\u00ab\u00a0Ce partenariat renouvel\u00e9 aborde tant les perspectives et les d\u00e9fis imm\u00e9diats que les possibilit\u00e9s \u00e0 long terme offertes par notre coop\u00e9ration\u00a0\u00bb, ont-ils soulign\u00e9 dans la d\u00e9claration.<\/p>\n<p>L&rsquo;acc\u00e8s \u00e9quitable aux vaccins constitue le premier d\u00e9fi. \u00ab\u00a0Ensemble, nous soutiendrons les m\u00e9canismes locaux et r\u00e9gionaux de passation de march\u00e9s, ainsi que l&rsquo;attribution et le d\u00e9ploiement de produits m\u00e9dicaux\u00a0\u00bb, ajoutent-ils.<\/p>\n<p>En effet, l&rsquo;UE r\u00e9affirme qu&rsquo;elle est d\u00e9termin\u00e9e \u00e0 fournir \u00e0 l&rsquo;Afrique au moins 450 millions de doses de vaccin, en coordination avec la plateforme de l&rsquo;\u00e9quipe sp\u00e9ciale pour l&rsquo;acquisition de vaccins en Afrique (AVATT), d&rsquo;ici la mi-2022. En mettant plus de 3 milliards de dollars (soit l&rsquo;\u00e9quivalent de 400 millions de doses de vaccin) \u00e0 la disposition du m\u00e9canisme COVAX et des efforts de vaccination sur le continent africain, l&rsquo;\u00c9quipe Europe contribue \u00e0 cet objectif et compl\u00e8te les actions de cette \u00e9quipe sp\u00e9ciale, selon le d\u00e9claration conjointe.<\/p>\n<p>Pour acc\u00e9l\u00e9rer le rythme de la vaccination, l&rsquo;\u00c9quipe Europe mobilisera 425 millions d&rsquo;euros. Un montant destin\u00e9 \u00e0 \u00ab\u00a0soutenir la distribution efficace de doses et la formation des \u00e9quipes m\u00e9dicales, ainsi que pour renforcer les capacit\u00e9s d&rsquo;analyse et de s\u00e9quen\u00e7age\u00a0\u00bb.<\/p>\n<p>Par ailleurs, la d\u00e9claration conjointe a soulign\u00e9 l&rsquo;importance d&rsquo;un partenariat renforc\u00e9 et r\u00e9ciproque dans le domaine de la migration et la mobilit\u00e9, ainsi que la n\u00e9cessit\u00e9 de continuer \u00e0 traiter tous les aspects des flux migratoires et de mobilit\u00e9 de mani\u00e8re int\u00e9gr\u00e9e, globale et \u00e9quilibr\u00e9e dans un esprit de responsabilit\u00e9 et d&rsquo;engagement communs.<\/p>\n<p>\tLes chefs d&rsquo;\u00c9tat et de gouvernement ont r\u00e9it\u00e9r\u00e9 l&rsquo;importance d&rsquo;une action conjointe et le renforcement des capacit\u00e9s, y compris avec des institutions africaines d\u00e9di\u00e9es, particuli\u00e8rement l&rsquo;Observatoire africain des Migrations, pour pr\u00e9venir la migration clandestine, renforcer la coop\u00e9ration contre la contrebande et la traite des \u00eatres humains, ainsi que soutenir une gestion renforc\u00e9e des fronti\u00e8res et obtenir des am\u00e9liorations effectives en mati\u00e8re de retour, de rapatriement et de r\u00e9int\u00e9gration.<\/p>\n<p>Ils se sont \u00e9galement engag\u00e9s \u00e0 combattre les flux financiers illicites (FFI) et \u00e0 lutter contre l&rsquo;\u00e9rosion de la base d&rsquo;imposition et le transfert de b\u00e9n\u00e9fices (BEPS), ainsi qu&rsquo;\u00e0 coop\u00e9rer en mati\u00e8re de transparence fiscale. Mieux encore, les chefs d&rsquo;\u00c9tat et de gouvernement ont confirm\u00e9 un paquet d&rsquo;investissements Afrique-Europe d&rsquo;au moins 150 milliards d&rsquo;euros r\u00e9partis sur sept ans. Ces financements vont aller dans des secteurs cl\u00e9s comme la sant\u00e9 et l&rsquo;\u00e9ducation.<\/p>\n<p>Cet article <a rel=\"nofollow\" href=\"https:\/\/www.journalducameroun.com\/sommet-ue-ua-vers-un-partenariat-renouvele-declaration-conjointe\/\">Sommet UE-UA: vers un partenariat renouvel\u00e9 (d\u00e9claration conjointe)<\/a> est apparu en premier sur <a rel=\"nofollow\" href=\"https:\/\/www.journalducameroun.com\/\">Journal du Cameroun<\/a>.<\/p>\n<\/div>\n<p>Auteur: APA News<br \/>\n<a href=\"https:\/\/www.journalducameroun.com\/sommet-ue-ua-vers-un-partenariat-renouvele-declaration-conjointe\/\">Cliquez ici pour lire l&rsquo;article depuis sa source.<\/a><\/p>\n","protected":false},"excerpt":{"rendered":"<p>Le 6\u00e8me Sommet Union Africaine-Union Europ\u00e9enne a clos ses travaux, vendredi \u00e0 Bruxelles, par l&rsquo;adoption d&rsquo;une d\u00e9claration conjointe pr\u00f4nant un partenariat renouvel\u00e9 dans diff\u00e9rents domaines, tels que la s\u00e9curit\u00e9 et le d\u00e9veloppement durable.\u00a0\u00bbConscients des possibilit\u00e9s et des d\u00e9fis communs sans pr\u00e9c\u00e9dent et toujours plus nombreux, les dirigeants de l&rsquo;UE et de l&rsquo;UA adh\u00e8rent \u00e0 une [&hellip;]<\/p>\n","protected":false},"author":1965,"featured_media":0,"comment_status":"closed","ping_status":"closed","sticky":false,"template":"","format":"standard","meta":{"fifu_image_url":"https:\/\/www.journalducameroun.com\/wp-content\/uploads\/2022\/02\/16453018833010.jpg","fifu_image_alt":"Sommet UE-UA: vers un partenariat renouvel\u00e9 (d\u00e9claration conjointe)","footnotes":""},"categories":[73,82],"tags":[],"class_list":["post-141280","post","type-post","status-publish","format-standard","hentry","category-actualite","category-cameroun"],"_links":{"self":[{"href":"https:\/\/linitiative.ca\/International\/wp-json\/wp\/v2\/posts\/141280","targetHints":{"allow":["GET"]}}],"collection":[{"href":"https:\/\/linitiative.ca\/International\/wp-json\/wp\/v2\/posts"}],"about":[{"href":"https:\/\/linitiative.ca\/International\/wp-json\/wp\/v2\/types\/post"}],"author":[{"embeddable":true,"href":"https:\/\/linitiative.ca\/International\/wp-json\/wp\/v2\/users\/1965"}],"replies":[{"embeddable":true,"href":"https:\/\/linitiative.ca\/International\/wp-json\/wp\/v2\/comments?post=141280"}],"version-history":[{"count":0,"href":"https:\/\/linitiative.ca\/International\/wp-json\/wp\/v2\/posts\/141280\/revisions"}],"wp:attachment":[{"href":"https:\/\/linitiative.ca\/International\/wp-json\/wp\/v2\/media?parent=141280"}],"wp:term":[{"taxonomy":"category","embeddable":true,"href":"https:\/\/linitiative.ca\/International\/wp-json\/wp\/v2\/categories?post=141280"},{"taxonomy":"post_tag","embeddable":true,"href":"https:\/\/linitiative.ca\/International\/wp-json\/wp\/v2\/tags?post=141280"}],"curies":[{"name":"wp","href":"https:\/\/api.w.org\/{rel}","templated":true}]}}