{"id":141282,"date":"2022-02-19T05:12:15","date_gmt":"2022-02-19T10:12:15","guid":{"rendered":"https:\/\/linitiative.ca\/International\/la-sonamines-veut-exploiter-les-gisements-de-bauxite-de-ngaoundal-et-makan\/"},"modified":"2022-02-19T05:12:15","modified_gmt":"2022-02-19T10:12:15","slug":"la-sonamines-veut-exploiter-les-gisements-de-bauxite-de-ngaoundal-et-makan","status":"publish","type":"post","link":"https:\/\/linitiative.ca\/International\/la-sonamines-veut-exploiter-les-gisements-de-bauxite-de-ngaoundal-et-makan\/","title":{"rendered":"La Sonamines veut exploiter les gisements de bauxite de Ngaoundal et Makan"},"content":{"rendered":"<div>\n<p>Le vendredi 18 f\u00e9vrier 2022, la Sonamines, repr\u00e9sent\u00e9e par son directeur g\u00e9n\u00e9ral (DG), Serge Herv\u00e9 Boyogueno, et la CREC 5, \u00e0 travers son DG, Zhao Shihai, ont sign\u00e9 un protocole d\u2019entente (MOU) dans le cadre du d\u00e9veloppement, du financement et de la mise en \u0153uvre des projets miniers et d\u2019industries connexes au Cameroun. C\u2019est ce que l\u2019on a appris d\u2019un communiqu\u00e9 y relatif sign\u00e9 du DG de la Sonamines ce 18 f\u00e9vrier 2022.<\/p>\n<p><strong>Lire aussi :<\/strong> <strong><a href=\"https:\/\/ecomatin.net\/la-sonamines-adopte-un-budget-de-9611-milliards-pour12-2022\/\">La Sonamines adopte un budget de 9,611 milliards pour 2022<\/a><\/strong><\/p>\n<p>Serge Herv\u00e9 Boyogueno pr\u00e9cise dans son communiqu\u00e9 que \u00ab\u00a0la signature de ce MOU intervient dans un contexte o\u00f9 la Sonamines est r\u00e9solument engag\u00e9e dans la r\u00e9alisation des projets d\u2019exploration, d\u2019exploitation et de transformation des ressources min\u00e9rales\u00a0\u00bb. Selon les parties, le protocole d\u2019entente conclu va leur permettre de \u00ab\u00a0former un consortium avec les entreprises chinoises sp\u00e9cialis\u00e9es dans les domaines minier, industriel, commercial et financier\u00a0; cadrer, monter, planifier et mettre en \u0153uvre des projets miniers et industriels\u00a0; poursuivre les travaux de recherche principalement sur les prospects bauxitiques de Makan et Ngaoundal, dans la r\u00e9gion de l\u2019Adamaoua\u00a0; traiter et transformer des minerais en produits semi-finis et\/ou finis\u00a0\u00bb.<\/p>\n<p><strong>Lire aussi <\/strong>: <strong><a href=\"https:\/\/ecomatin.net\/serges-herve-boyogueno-la-collecte-de-lor-pour-le-compte-de-letat-a-augmente-de-93-en-2021\/\">Serges Herv\u00e9 Boyogueno : \u00ab la collecte de l\u2019or pour le compte de l\u2019Etat a augment\u00e9 de 93% en 2021 \u00bb<\/a><\/strong><\/p>\n<p>Bien en place dans les objectifs du contrat qui lie la Sonamines \u00e0 CREC 5, \u00ab\u00a0l\u2019exploitation de la bauxite ; la construction d\u2019une raffinerie pour le traitement de la bauxite en alumine ; la construction d\u2019une usine pour la transformation de l\u2019alumine en aluminium et enfin, la construction d\u2019une usine pour la transformation de l\u2019aluminium en produit d\u00e9riv\u00e9s (t\u00f4les, alucobonds, c\u00e2bles \u00e9lectriques, etc.)\u00a0\u00bb<\/p>\n<p>Les parties rappellent qu\u2019apr\u00e8s ce MOU, l\u2019on va passer \u00e0 la derni\u00e8re \u00e9tape qui concerne des accords contraignants avant le d\u00e9marrage effectif des travaux sur le terrain. La mise en \u0153uvre finale est toutefois conditionn\u00e9e par l\u2019obtention de tous les titres y aff\u00e9rents.<\/p>\n<p><strong>Lire aussi :<\/strong> <strong><a href=\"https:\/\/ecomatin.net\/secteur-minier-la-sonamines-valide-les-termes-son-budget-2021-de-12-milliard\/\">Secteur minier : la Sonamines valide les termes de r\u00e9f\u00e9rence de son plan strat\u00e9gique<\/a><\/strong><\/p>\n<p>Et sur ce point, la Sonamines rassure son partenaire. En effet, en ce qui concerne la bauxite, le Cameroun dispose de trois gisements de classe mondiale dans la R\u00e9gion de l\u2019Adamaoua. Leurs ressources sont \u00e9valu\u00e9es \u00e0 un total d\u2019un milliard de tonnes. L\u2019on se souvient alors que le 11 juillet 2021, les trois permis de recherche attribu\u00e9s \u00e0 un op\u00e9rateur minier sur ces trois gisements pour une dur\u00e9e de trois ans non renouvelables \u00e9taient arriv\u00e9s \u00e0 expiration. Une demande de permis d\u2019exploitation sur l\u2019un des trois permis sur un des permis a \u00e9t\u00e9 introduite aupr\u00e8s du minist\u00e8re des Mines une demande. En novembre 2021, conform\u00e9ment \u00e0 ses missions indiqu\u00e9es dans le d\u00e9cret pr\u00e9sidentiel du 14 d\u00e9cembre 2020 qui cr\u00e9e et organise cette entreprise \u00e0 capital public, la Sonamines, a sollicit\u00e9 des permis de recherche sur les deux autres espaces. Certainement, c\u2019est dans la perspective de l\u2019octroi de ces permis de recherche qu\u2019elle a sign\u00e9 ce protocole d\u2019accord avec CREC 5.<\/p>\n<p>L\u2019article <a rel=\"nofollow\" href=\"https:\/\/ecomatin.net\/la-sonamines-veut-exploiter-les-gisements-de-bauxite-de-ngaoundal-et-makan\/\">La Sonamines veut exploiter les gisements de bauxite de Ngaoundal et Makan<\/a> est apparu en premier sur <a rel=\"nofollow\" href=\"https:\/\/ecomatin.net\/\">EcoMatin<\/a>.<\/p>\n<\/div>\n<p>Auteur: Bernard Bangda<br \/>\n<a href=\"https:\/\/ecomatin.net\/la-sonamines-veut-exploiter-les-gisements-de-bauxite-de-ngaoundal-et-makan\/\">Cliquez ici pour lire l&rsquo;article depuis sa source.<\/a><\/p>\n","protected":false},"excerpt":{"rendered":"<p>Le vendredi 18 f\u00e9vrier 2022, la Sonamines, repr\u00e9sent\u00e9e par son directeur g\u00e9n\u00e9ral (DG), Serge Herv\u00e9 Boyogueno, et la CREC 5, \u00e0 travers son DG, Zhao Shihai, ont sign\u00e9 un protocole d\u2019entente (MOU) dans le cadre du d\u00e9veloppement, du financement et de la mise en \u0153uvre des projets miniers et d\u2019industries connexes au Cameroun. C\u2019est ce [&hellip;]<\/p>\n","protected":false},"author":1969,"featured_media":0,"comment_status":"closed","ping_status":"closed","sticky":false,"template":"","format":"standard","meta":{"fifu_image_url":"","fifu_image_alt":"","footnotes":""},"categories":[82,78],"tags":[],"class_list":["post-141282","post","type-post","status-publish","format-standard","hentry","category-cameroun","category-economie"],"_links":{"self":[{"href":"https:\/\/linitiative.ca\/International\/wp-json\/wp\/v2\/posts\/141282","targetHints":{"allow":["GET"]}}],"collection":[{"href":"https:\/\/linitiative.ca\/International\/wp-json\/wp\/v2\/posts"}],"about":[{"href":"https:\/\/linitiative.ca\/International\/wp-json\/wp\/v2\/types\/post"}],"author":[{"embeddable":true,"href":"https:\/\/linitiative.ca\/International\/wp-json\/wp\/v2\/users\/1969"}],"replies":[{"embeddable":true,"href":"https:\/\/linitiative.ca\/International\/wp-json\/wp\/v2\/comments?post=141282"}],"version-history":[{"count":0,"href":"https:\/\/linitiative.ca\/International\/wp-json\/wp\/v2\/posts\/141282\/revisions"}],"wp:attachment":[{"href":"https:\/\/linitiative.ca\/International\/wp-json\/wp\/v2\/media?parent=141282"}],"wp:term":[{"taxonomy":"category","embeddable":true,"href":"https:\/\/linitiative.ca\/International\/wp-json\/wp\/v2\/categories?post=141282"},{"taxonomy":"post_tag","embeddable":true,"href":"https:\/\/linitiative.ca\/International\/wp-json\/wp\/v2\/tags?post=141282"}],"curies":[{"name":"wp","href":"https:\/\/api.w.org\/{rel}","templated":true}]}}