{"id":141283,"date":"2022-02-19T06:21:14","date_gmt":"2022-02-19T11:21:14","guid":{"rendered":"https:\/\/linitiative.ca\/International\/port-de-douala-dieudonne-lin-onana-ndoh-est-le-directeur-delegue-de-la-rtc\/"},"modified":"2022-02-19T06:21:14","modified_gmt":"2022-02-19T11:21:14","slug":"port-de-douala-dieudonne-lin-onana-ndoh-est-le-directeur-delegue-de-la-rtc","status":"publish","type":"post","link":"https:\/\/linitiative.ca\/International\/port-de-douala-dieudonne-lin-onana-ndoh-est-le-directeur-delegue-de-la-rtc\/","title":{"rendered":"Port de Douala\u00a0: Dieudonn\u00e9 Lin Onana Ndoh, est le Directeur d\u00e9l\u00e9gu\u00e9 de la RTC"},"content":{"rendered":"<div>\n<p>Un vent de neuf, souffle au sein de la R\u00e9gie d\u00e9l\u00e9gu\u00e9 du terminal\u00a0\u00a0conteneurs (RTC), du Port de Douala (PAD). Dieudonn\u00e9 Lin Onana Ndoh, pr\u00e9sidera d\u00e9sormais les destin\u00e9es de la RTC, en qualit\u00e9 de Directeur d\u00e9l\u00e9gu\u00e9. La d\u00e9cision a \u00e9t\u00e9 prise lors de la 101<sup>\u00e8me<\/sup>\u00a0session ordinaire du\u00a0\u00a0conseil d\u2019administration de la lace portuaire tenu le 18 f\u00e9vrier 2022, \u00e0 Yaound\u00e9. Il vient en remplacement de Faustin Dingana, premier \u00e0 occuper ce poste au sein de cette structure qui nait des cendres de la Douala international terminal (DIT).<\/p>\n<p><strong>Lire aussi : <a href=\"https:\/\/ecomatin.net\/port-de-douala-la-regie-du-terminal-a-conteneurs-realise-un-chiffre-daffaires-de-568-milliards-en-2021\/\">Port de Douala\u00a0: la R\u00e9gie du terminal \u00e0 conteneurs r\u00e9alise un chiffre d\u2019affaires de 56,8 milliards en 2021<\/a><\/strong><\/p>\n<p>Le choix pos\u00e9 sur Dieudonn\u00e9 Lin Onana Ndoh, n\u2019est pas anodin. Ce dernier dispose d\u2019une connaissance du paysage portuaire camerounais de par ses multiples fonctions et collaboration au sein de celui-ci. En effet avant sa nomination \u00e0 la t\u00eate de la RTC, il \u00e9tait secr\u00e9taire g\u00e9n\u00e9ral de Ports synth\u00e8se. Fonction qu\u2019il occupait en m\u00eame temps que celle de Directeur d\u00e9l\u00e9gu\u00e9 de la r\u00e9gie du Remorquage. En termes de collaboration, l\u2019on se souvient qu\u2019en 2016, il a particip\u00e9 \u00e0 la maturation de plusieurs projets structurants du PAD et de renaissance de Port synth\u00e8se.<\/p>\n<p><strong>Lire aussi :<\/strong> <strong><a href=\"https:\/\/ecomatin.net\/port-de-douala-la-regie-deleguee-du-remorquage-affiche-un-chiffre-daffaires-de-41-milliards-en-2021\/\">Port de Douala : la R\u00e9gie d\u00e9l\u00e9gu\u00e9e du remorquage affiche un chiffre d\u2019affaires de 4,1 milliards en 2021<\/a><\/strong><\/p>\n<p>Le Polytechnicien, Dieudonn\u00e9 Lin Onana Ndoh, vient ainsi trouver une structure d\u2019une sant\u00e9 financi\u00e8re bonne depuis sa mise sur pied le 2 janvier 2020. Par exemple pour le compte de l\u2019exercice 2021, la RTC a obtenu un chiffre d\u2019affaires de 56,8 milliards de FCFA. En 2020 il \u00e9tait de 48,4 milliards de Fcfa, soit une augmentation de l\u2019ordre de 14%. Toujours en termes de performances durant cette ann\u00e9e l\u2019on note que la RTC a revers\u00e9 au Port de Douala la somme de 16,4 milliards de Fcfa en guise de redevance portuaire. La structure a aussi revers\u00e9 au Tr\u00e9sor public la somme de 7 milliards\u00a0\u00a0constitu\u00e9e d\u2019imp\u00f4ts, taxes et cotisations sociales.<\/p>\n<p>L\u2019article <a rel=\"nofollow\" href=\"https:\/\/ecomatin.net\/port-de-douala-dieudonne-lin-onana-ndoh-est-le-directeur-delegue-de-la-rtc\/\">Port de Douala\u00a0: Dieudonn\u00e9 Lin Onana Ndoh, est le Directeur d\u00e9l\u00e9gu\u00e9 de la RTC<\/a> est apparu en premier sur <a rel=\"nofollow\" href=\"https:\/\/ecomatin.net\/\">EcoMatin<\/a>.<\/p>\n<\/div>\n<p>Auteur: Cindy MBALA<br \/>\n<a href=\"https:\/\/ecomatin.net\/port-de-douala-dieudonne-lin-onana-ndoh-est-le-directeur-delegue-de-la-rtc\/\">Cliquez ici pour lire l&rsquo;article depuis sa source.<\/a><\/p>\n","protected":false},"excerpt":{"rendered":"<p>Un vent de neuf, souffle au sein de la R\u00e9gie d\u00e9l\u00e9gu\u00e9 du terminal\u00a0\u00a0conteneurs (RTC), du Port de Douala (PAD). Dieudonn\u00e9 Lin Onana Ndoh, pr\u00e9sidera d\u00e9sormais les destin\u00e9es de la RTC, en qualit\u00e9 de Directeur d\u00e9l\u00e9gu\u00e9. La d\u00e9cision a \u00e9t\u00e9 prise lors de la 101\u00e8me\u00a0session ordinaire du\u00a0\u00a0conseil d\u2019administration de la lace portuaire tenu le 18 f\u00e9vrier [&hellip;]<\/p>\n","protected":false},"author":1969,"featured_media":0,"comment_status":"closed","ping_status":"closed","sticky":false,"template":"","format":"standard","meta":{"fifu_image_url":"","fifu_image_alt":"","footnotes":""},"categories":[82,78],"tags":[],"class_list":["post-141283","post","type-post","status-publish","format-standard","hentry","category-cameroun","category-economie"],"_links":{"self":[{"href":"https:\/\/linitiative.ca\/International\/wp-json\/wp\/v2\/posts\/141283","targetHints":{"allow":["GET"]}}],"collection":[{"href":"https:\/\/linitiative.ca\/International\/wp-json\/wp\/v2\/posts"}],"about":[{"href":"https:\/\/linitiative.ca\/International\/wp-json\/wp\/v2\/types\/post"}],"author":[{"embeddable":true,"href":"https:\/\/linitiative.ca\/International\/wp-json\/wp\/v2\/users\/1969"}],"replies":[{"embeddable":true,"href":"https:\/\/linitiative.ca\/International\/wp-json\/wp\/v2\/comments?post=141283"}],"version-history":[{"count":0,"href":"https:\/\/linitiative.ca\/International\/wp-json\/wp\/v2\/posts\/141283\/revisions"}],"wp:attachment":[{"href":"https:\/\/linitiative.ca\/International\/wp-json\/wp\/v2\/media?parent=141283"}],"wp:term":[{"taxonomy":"category","embeddable":true,"href":"https:\/\/linitiative.ca\/International\/wp-json\/wp\/v2\/categories?post=141283"},{"taxonomy":"post_tag","embeddable":true,"href":"https:\/\/linitiative.ca\/International\/wp-json\/wp\/v2\/tags?post=141283"}],"curies":[{"name":"wp","href":"https:\/\/api.w.org\/{rel}","templated":true}]}}