{"id":141285,"date":"2022-02-20T10:18:56","date_gmt":"2022-02-20T15:18:56","guid":{"rendered":"https:\/\/linitiative.ca\/International\/covid-19-maroc-la-situation-epidemiologique-au-20-fevrier-2022-a-16h00\/"},"modified":"2022-02-20T10:18:56","modified_gmt":"2022-02-20T15:18:56","slug":"covid-19-maroc-la-situation-epidemiologique-au-20-fevrier-2022-a-16h00","status":"publish","type":"post","link":"https:\/\/linitiative.ca\/International\/covid-19-maroc-la-situation-epidemiologique-au-20-fevrier-2022-a-16h00\/","title":{"rendered":"Covid-19 \/ Maroc : La situation \u00e9pid\u00e9miologique au 20 f\u00e9vrier 2022 \u00e0 16H00"},"content":{"rendered":"<div>\n<p><img loading=\"lazy\" decoding=\"async\" width=\"300\" height=\"153\" src=\"https:\/\/linitiative.ca\/International\/wp-content\/uploads\/sites\/23\/2022\/02\/Variant-Omicron-Covid19-Coronavirus-Maroc-300x153-1.jpg\" class=\"attachment-medium size-medium wp-post-image\" alt=\"\" srcset=\"https:\/\/linitiative.ca\/International\/wp-content\/uploads\/sites\/23\/2022\/02\/Variant-Omicron-Covid19-Coronavirus-Maroc-300x153-1.jpg 300w, https:\/\/aujourdhui.ma\/wp-content\/uploads\/2022\/02\/Variant-Omicron-Covid19-Coronavirus-Maroc-274x140.jpg 274w, https:\/\/aujourdhui.ma\/wp-content\/uploads\/2022\/02\/Variant-Omicron-Covid19-Coronavirus-Maroc.jpg 746w, https:\/\/aujourdhui.ma\/wp-content\/uploads\/2022\/02\/Variant-Omicron-Covid19-Coronavirus-Maroc-165x84.jpg 165w, https:\/\/aujourdhui.ma\/wp-content\/uploads\/2022\/02\/Variant-Omicron-Covid19-Coronavirus-Maroc-702x358.jpg 702w\" sizes=\"auto, (max-width: 300px) 100vw, 300px\"><\/p>\n<p>298 nouveaux cas soit un cumul de 1.158.967 cas \u00e0 ce jour.<br \/>\n924 gu\u00e9risons soit un cumul de 1.134.878 \u00e0 ce jour.<br \/>\n13 nouveaux d\u00e9c\u00e8s donc un cumul de 15.894 \u00e0 ce jour.<\/p>\n<p><span style=\"color: #ff0000;\"><strong>Nombre de personnes vaccin\u00e9es au 20 f\u00e9vrier 16H00<\/strong><\/span><\/p>\n<p>1\u00e8re dose : <strong><span id=\"page3R_mcid104\" class=\"markedContent\"><span dir=\"ltr\" role=\"presentation\">2<\/span><\/span><span id=\"page3R_mcid105\" class=\"markedContent\"><span dir=\"ltr\" role=\"presentation\">4<\/span><\/span><span id=\"page3R_mcid106\" class=\"markedContent\"><\/span><span id=\"page3R_mcid107\" class=\"markedContent\"> <span dir=\"ltr\" role=\"presentation\">726<\/span><\/span><span id=\"page3R_mcid108\" class=\"markedContent\"> <span dir=\"ltr\" role=\"presentation\">487<\/span><\/span><\/strong><\/p>\n<p>2\u00e8me dose : <strong><span id=\"page3R_mcid97\" class=\"markedContent\"><span dir=\"ltr\" role=\"presentation\">23<\/span><\/span><span id=\"page3R_mcid98\" class=\"markedContent\"><\/span><span id=\"page3R_mcid99\" class=\"markedContent\"> <span dir=\"ltr\" role=\"presentation\">168<\/span><\/span><span id=\"page3R_mcid100\" class=\"markedContent\"> <span dir=\"ltr\" role=\"presentation\">956<\/span><\/span><\/strong><span id=\"page3R_mcid101\" class=\"markedContent\"><\/span><span id=\"page3R_mcid102\" class=\"markedContent\"><\/span><span id=\"page3R_mcid103\" class=\"markedContent\"><\/span><span id=\"page3R_mcid104\" class=\"markedContent\"><\/span><\/p>\n<p>3\u00e8me dose : <strong><span id=\"page3R_mcid90\" class=\"markedContent\"><span dir=\"ltr\" role=\"presentation\">5<\/span><\/span><span id=\"page3R_mcid91\" class=\"markedContent\"><\/span><span id=\"page3R_mcid92\" class=\"markedContent\"> <span dir=\"ltr\" role=\"presentation\">453<\/span><\/span><span id=\"page3R_mcid93\" class=\"markedContent\"> <span dir=\"ltr\" role=\"presentation\">226<\/span><\/span><\/strong><span id=\"page3R_mcid94\" class=\"markedContent\"><\/span><span id=\"page3R_mcid95\" class=\"markedContent\"><\/span><span id=\"page3R_mcid96\" class=\"markedContent\"><\/span><span id=\"page3R_mcid97\" class=\"markedContent\"> <\/span><\/p>\n<p><img loading=\"lazy\" decoding=\"async\" class=\"aligncenter size-full wp-image-400337\" src=\"https:\/\/linitiative.ca\/International\/wp-content\/uploads\/sites\/23\/2022\/02\/coronavirus20022022_Page_1.jpg\" alt=\"\" width=\"1654\" height=\"2339\" srcset=\"https:\/\/linitiative.ca\/International\/wp-content\/uploads\/sites\/23\/2022\/02\/coronavirus20022022_Page_1.jpg 1654w, https:\/\/aujourdhui.ma\/wp-content\/uploads\/2022\/02\/coronavirus20022022_Page_1-212x300.jpg 212w, https:\/\/aujourdhui.ma\/wp-content\/uploads\/2022\/02\/coronavirus20022022_Page_1-724x1024.jpg 724w, https:\/\/aujourdhui.ma\/wp-content\/uploads\/2022\/02\/coronavirus20022022_Page_1-768x1086.jpg 768w, https:\/\/aujourdhui.ma\/wp-content\/uploads\/2022\/02\/coronavirus20022022_Page_1-1086x1536.jpg 1086w, https:\/\/aujourdhui.ma\/wp-content\/uploads\/2022\/02\/coronavirus20022022_Page_1-1448x2048.jpg 1448w\" sizes=\"auto, (max-width: 1654px) 100vw, 1654px\"> <img loading=\"lazy\" decoding=\"async\" class=\"aligncenter size-full wp-image-400338\" src=\"https:\/\/linitiative.ca\/International\/wp-content\/uploads\/sites\/23\/2022\/02\/coronavirus20022022_Page_2.jpg\" alt=\"\" width=\"1654\" height=\"2339\" srcset=\"https:\/\/linitiative.ca\/International\/wp-content\/uploads\/sites\/23\/2022\/02\/coronavirus20022022_Page_2.jpg 1654w, https:\/\/aujourdhui.ma\/wp-content\/uploads\/2022\/02\/coronavirus20022022_Page_2-212x300.jpg 212w, https:\/\/aujourdhui.ma\/wp-content\/uploads\/2022\/02\/coronavirus20022022_Page_2-724x1024.jpg 724w, https:\/\/aujourdhui.ma\/wp-content\/uploads\/2022\/02\/coronavirus20022022_Page_2-768x1086.jpg 768w, https:\/\/aujourdhui.ma\/wp-content\/uploads\/2022\/02\/coronavirus20022022_Page_2-1086x1536.jpg 1086w, https:\/\/aujourdhui.ma\/wp-content\/uploads\/2022\/02\/coronavirus20022022_Page_2-1448x2048.jpg 1448w\" sizes=\"auto, (max-width: 1654px) 100vw, 1654px\"> <img loading=\"lazy\" decoding=\"async\" class=\"aligncenter size-full wp-image-400339\" src=\"https:\/\/linitiative.ca\/International\/wp-content\/uploads\/sites\/23\/2022\/02\/coronavirus20022022_Page_3.jpg\" alt=\"\" width=\"1654\" height=\"2339\" srcset=\"https:\/\/linitiative.ca\/International\/wp-content\/uploads\/sites\/23\/2022\/02\/coronavirus20022022_Page_3.jpg 1654w, https:\/\/aujourdhui.ma\/wp-content\/uploads\/2022\/02\/coronavirus20022022_Page_3-212x300.jpg 212w, https:\/\/aujourdhui.ma\/wp-content\/uploads\/2022\/02\/coronavirus20022022_Page_3-724x1024.jpg 724w, https:\/\/aujourdhui.ma\/wp-content\/uploads\/2022\/02\/coronavirus20022022_Page_3-768x1086.jpg 768w, https:\/\/aujourdhui.ma\/wp-content\/uploads\/2022\/02\/coronavirus20022022_Page_3-1086x1536.jpg 1086w, https:\/\/aujourdhui.ma\/wp-content\/uploads\/2022\/02\/coronavirus20022022_Page_3-1448x2048.jpg 1448w\" sizes=\"auto, (max-width: 1654px) 100vw, 1654px\"> <img loading=\"lazy\" decoding=\"async\" class=\"aligncenter size-full wp-image-400341\" src=\"https:\/\/linitiative.ca\/International\/wp-content\/uploads\/sites\/23\/2022\/02\/coronavirus20022022_Page_4.jpg\" alt=\"\" width=\"1654\" height=\"2339\" srcset=\"https:\/\/linitiative.ca\/International\/wp-content\/uploads\/sites\/23\/2022\/02\/coronavirus20022022_Page_4.jpg 1654w, https:\/\/aujourdhui.ma\/wp-content\/uploads\/2022\/02\/coronavirus20022022_Page_4-212x300.jpg 212w, https:\/\/aujourdhui.ma\/wp-content\/uploads\/2022\/02\/coronavirus20022022_Page_4-724x1024.jpg 724w, https:\/\/aujourdhui.ma\/wp-content\/uploads\/2022\/02\/coronavirus20022022_Page_4-768x1086.jpg 768w, https:\/\/aujourdhui.ma\/wp-content\/uploads\/2022\/02\/coronavirus20022022_Page_4-1086x1536.jpg 1086w, https:\/\/aujourdhui.ma\/wp-content\/uploads\/2022\/02\/coronavirus20022022_Page_4-1448x2048.jpg 1448w\" sizes=\"auto, (max-width: 1654px) 100vw, 1654px\"><\/p>\n<\/div>\n<p>Auteur: ALM<br \/>\n<a href=\"https:\/\/aujourdhui.ma\/societe\/covid-19-maroc-la-situation-epidemiologique-au-20-fevrier-2022-a-16h00\">Cliquez ici pour lire l&rsquo;article depuis sa source.<\/a><\/p>\n","protected":false},"excerpt":{"rendered":"<p>298 nouveaux cas soit un cumul de 1.158.967 cas \u00e0 ce jour. 924 gu\u00e9risons soit un cumul de 1.134.878 \u00e0 ce jour. 13 nouveaux d\u00e9c\u00e8s donc un cumul de 15.894 \u00e0 ce jour. Nombre de personnes vaccin\u00e9es au 20 f\u00e9vrier 16H00 1\u00e8re dose : 24 726 487 2\u00e8me dose : 23 168 956 3\u00e8me dose [&hellip;]<\/p>\n","protected":false},"author":1759,"featured_media":0,"comment_status":"closed","ping_status":"closed","sticky":false,"template":"","format":"standard","meta":{"fifu_image_url":"https:\/\/aujourdhui.ma\/wp-content\/uploads\/2022\/02\/Variant-Omicron-Covid19-Coronavirus-Maroc-300x153.jpg","fifu_image_alt":"Covid-19 \/ Maroc : La situation \u00e9pid\u00e9miologique au 20 f\u00e9vrier 2022 \u00e0 16H00","footnotes":""},"categories":[73,54],"tags":[],"class_list":["post-141285","post","type-post","status-publish","format-standard","hentry","category-actualite","category-maroc"],"_links":{"self":[{"href":"https:\/\/linitiative.ca\/International\/wp-json\/wp\/v2\/posts\/141285","targetHints":{"allow":["GET"]}}],"collection":[{"href":"https:\/\/linitiative.ca\/International\/wp-json\/wp\/v2\/posts"}],"about":[{"href":"https:\/\/linitiative.ca\/International\/wp-json\/wp\/v2\/types\/post"}],"author":[{"embeddable":true,"href":"https:\/\/linitiative.ca\/International\/wp-json\/wp\/v2\/users\/1759"}],"replies":[{"embeddable":true,"href":"https:\/\/linitiative.ca\/International\/wp-json\/wp\/v2\/comments?post=141285"}],"version-history":[{"count":0,"href":"https:\/\/linitiative.ca\/International\/wp-json\/wp\/v2\/posts\/141285\/revisions"}],"wp:attachment":[{"href":"https:\/\/linitiative.ca\/International\/wp-json\/wp\/v2\/media?parent=141285"}],"wp:term":[{"taxonomy":"category","embeddable":true,"href":"https:\/\/linitiative.ca\/International\/wp-json\/wp\/v2\/categories?post=141285"},{"taxonomy":"post_tag","embeddable":true,"href":"https:\/\/linitiative.ca\/International\/wp-json\/wp\/v2\/tags?post=141285"}],"curies":[{"name":"wp","href":"https:\/\/api.w.org\/{rel}","templated":true}]}}