{"id":141295,"date":"2022-02-20T08:03:47","date_gmt":"2022-02-20T13:03:47","guid":{"rendered":"https:\/\/linitiative.ca\/International\/danse-fusion-morocco-une-ambition-marocaine\/"},"modified":"2022-02-20T08:03:47","modified_gmt":"2022-02-20T13:03:47","slug":"danse-fusion-morocco-une-ambition-marocaine","status":"publish","type":"post","link":"https:\/\/linitiative.ca\/International\/danse-fusion-morocco-une-ambition-marocaine\/","title":{"rendered":"\u00abDANSE FUSION MOROCCO\u00bb: une ambition marocaine"},"content":{"rendered":"<div>\n<p class=\"has-text-align-center has-vivid-red-color has-text-color\"><strong>Un projet pour la professionnalisation des danseurs<\/strong><\/p>\n<p class=\"has-vivid-cyan-blue-color has-text-color\"><strong>Le projet \u00ab\u00a0DANCE FUSION MOROCCO\u00a0\u00bb continue en\u00a0 2022 avec de nouveaux objectifs : deux axes de formation, le \u00abtraining programm\u00bb et le \u00abmentoring programm\u00bb donnent la possibilit\u00e9 de professionnalisation aux danseurs au Maroc. Le projet est r\u00e9alis\u00e9 par les institutions qui font partie de EUNIC Clusters Rabat et Casablanca en partenariat avec EUNIC \u2013 European Union National Institutes for Culture.<\/strong><\/p>\n<p>\u00abFUSION\u00bb a pour objectif de soutenir les artistes locaux de la danse contemporaine et urbaine, soulignent les initiateurs du projet.\u00a0 Il envisage d\u2019offrir la possibilit\u00e9 aux participants des deux genres de se former, se professionnaliser et \u00e9changer avec des mentors de la danse urbaine et contemporaine marocains et de la sc\u00e8ne europ\u00e9enne pour d\u00e9velopper leurs r\u00e9seaux professionnels et accompagner l\u2019\u00e9mergence de nouvelles dynamiques culturelles, ajoute la m\u00eame source.<\/p>\n<p>Le projet FUSION 2022\u00a0 s\u2019adresse aux danseuses et danseurs contemporains et urbains semi-professionnels et professionnels vivant au Maroc. Le programme de DANCE FUSION 2022 est r\u00e9alis\u00e9 en deux axes : le \u00abmentoring programme\u00bb permet aux danseurs de DANCE FUSION 21 de rechercher, de planifier et de pr\u00e9senter leurs propres projets. Les m\u00e9diateurs culturels veilleront \u00e0 la qualit\u00e9 du projet par l\u2019accompagnement\u00a0 au d\u00e9veloppement du projet, du concept, du plan budg\u00e9taire et du dossier final. Les projets seront pr\u00e9sent\u00e9s au public dans une \u00ab Journ\u00e9e FUSION \u00bb en fin d\u2019ann\u00e9e 2022.<\/p>\n<p>Le \u00abtraining programm\u00bb donne la possibilit\u00e9 aux danseurs hors de Casablanca et Rabat \u2013 dans les villes comme F\u00e8s, Tanger ou Agadir \u2013d\u2019apprendre et de d\u00e9velopper leurs comp\u00e9tences et qualit\u00e9s artistiques au sein de masterclass qui seront r\u00e9alis\u00e9es au cours de l\u2019ann\u00e9e 2022, avec des mentors locaux ou internationaux.<\/p>\n<p>Le projet est r\u00e9alis\u00e9 par le Goethe-Institut Marokko, la D\u00e9l\u00e9gation g\u00e9n\u00e9rale Wallonie-Bruxelles au Maroc, l\u2019Ambassade du Royaume du Pays-Bas au Maroc, l\u2019Institut Fran\u00e7ais de Casablanca et l\u2019Institut Fran\u00e7ais de Rabat et avec des partenaires : l\u2019Uzine\/Tazi Fondation, la compagnie Col\u2019jam, le nouveau Centre culturel am\u00e9ricain pour les arts, la Fondation Hiba, le Collectif Queens de Marrakech et le Centre les Etoiles du D\u00e9troit \u00e0 Tanger.<\/p>\n<p>\u00ab\u00a0DANCE FUSION\u00a0\u00bb est un projet d\u2019EUNIC Rabat et Casablanca. Ce projet est b\u00e9n\u00e9ficiaire d\u2019une subvention EUNIC Cluster Fund avec un financement sp\u00e9cial dans le cadre de la Pr\u00e9sidence fran\u00e7aise du Conseil de l\u2019Union europ\u00e9enne. EUNIC \u2013 European Union National Institutes for Culture \u2013 est le r\u00e9seau europ\u00e9en des instituts et organisations culturels nationaux, avec 36 membres issus des 27 \u00c9tats membres de l\u2019UE. Les groupes EUNIC de Rabat et de Casablanca visent \u00e0 am\u00e9liorer et \u00e0 promouvoir la diversit\u00e9 culturelle et la compr\u00e9hension entre les soci\u00e9t\u00e9s europ\u00e9ennes et \u00e0 renforcer le dialogue international et la coop\u00e9ration culturelle avec les pays hors Europe.<\/p>\n<p>L\u2019article <a rel=\"nofollow\" href=\"http:\/\/albayane.press.ma\/danse-fusion-morocco-une-ambition-marocaine.html\">\u00abDANSE FUSION MOROCCO\u00bb: une ambition marocaine<\/a> est apparu en premier sur <a rel=\"nofollow\" href=\"http:\/\/albayane.press.ma\/\">ALBAYANE<\/a>.<\/p>\n<\/div>\n<p>Auteur: M&rsquo;hammed rahal<br \/>\n<a href=\"http:\/\/albayane.press.ma\/danse-fusion-morocco-une-ambition-marocaine.html\">Cliquez ici pour lire l&rsquo;article depuis sa source.<\/a><\/p>\n","protected":false},"excerpt":{"rendered":"<p>Un projet pour la professionnalisation des danseurs Le projet \u00ab\u00a0DANCE FUSION MOROCCO\u00a0\u00bb continue en\u00a0 2022 avec de nouveaux objectifs : deux axes de formation, le \u00abtraining programm\u00bb et le \u00abmentoring programm\u00bb donnent la possibilit\u00e9 de professionnalisation aux danseurs au Maroc. Le projet est r\u00e9alis\u00e9 par les institutions qui font partie de EUNIC Clusters Rabat et [&hellip;]<\/p>\n","protected":false},"author":1760,"featured_media":0,"comment_status":"closed","ping_status":"closed","sticky":false,"template":"","format":"standard","meta":{"fifu_image_url":"","fifu_image_alt":"","footnotes":""},"categories":[73,54],"tags":[],"class_list":["post-141295","post","type-post","status-publish","format-standard","hentry","category-actualite","category-maroc"],"_links":{"self":[{"href":"https:\/\/linitiative.ca\/International\/wp-json\/wp\/v2\/posts\/141295","targetHints":{"allow":["GET"]}}],"collection":[{"href":"https:\/\/linitiative.ca\/International\/wp-json\/wp\/v2\/posts"}],"about":[{"href":"https:\/\/linitiative.ca\/International\/wp-json\/wp\/v2\/types\/post"}],"author":[{"embeddable":true,"href":"https:\/\/linitiative.ca\/International\/wp-json\/wp\/v2\/users\/1760"}],"replies":[{"embeddable":true,"href":"https:\/\/linitiative.ca\/International\/wp-json\/wp\/v2\/comments?post=141295"}],"version-history":[{"count":0,"href":"https:\/\/linitiative.ca\/International\/wp-json\/wp\/v2\/posts\/141295\/revisions"}],"wp:attachment":[{"href":"https:\/\/linitiative.ca\/International\/wp-json\/wp\/v2\/media?parent=141295"}],"wp:term":[{"taxonomy":"category","embeddable":true,"href":"https:\/\/linitiative.ca\/International\/wp-json\/wp\/v2\/categories?post=141295"},{"taxonomy":"post_tag","embeddable":true,"href":"https:\/\/linitiative.ca\/International\/wp-json\/wp\/v2\/tags?post=141295"}],"curies":[{"name":"wp","href":"https:\/\/api.w.org\/{rel}","templated":true}]}}