{"id":141296,"date":"2022-02-20T09:04:27","date_gmt":"2022-02-20T14:04:27","guid":{"rendered":"https:\/\/linitiative.ca\/International\/un-attachement-indefectible-et-une-forte-loyaute-envers-les-valeurs-et-les-ideaux-du-parti\/"},"modified":"2022-02-20T09:04:27","modified_gmt":"2022-02-20T14:04:27","slug":"un-attachement-indefectible-et-une-forte-loyaute-envers-les-valeurs-et-les-ideaux-du-parti","status":"publish","type":"post","link":"https:\/\/linitiative.ca\/International\/un-attachement-indefectible-et-une-forte-loyaute-envers-les-valeurs-et-les-ideaux-du-parti\/","title":{"rendered":"Un attachement ind\u00e9fectible et une forte loyaut\u00e9 envers les valeurs et les id\u00e9aux du Parti"},"content":{"rendered":"<div>\n<p class=\"has-text-align-center has-vivid-red-color has-text-color\"><strong>D\u00e9c\u00e8s du camarade Mohamed Soussi<\/strong><\/p>\n<p><strong>Le bureau politique du Parti du progr\u00e8s et du socialisme annonce le d\u00e9c\u00e8s du camarade Mohamed Soussi, l\u2019un des v\u00e9t\u00e9rans du Parti \u00e0 Tanger et dans la r\u00e9gion du Nord.<\/strong><\/p>\n<p><strong>Dans un communiqu\u00e9, le Bureau politique du Parti du progr\u00e8s et du socialisme annonce avec douleur le d\u00e9c\u00e8s du camarade Mohamed Soussi, qui nous a quitt\u00e9s pour sa derni\u00e8re demeure apr\u00e8s une vie pleine de hautes distinctions et d\u2019apports \u00e0 la lutte du Parti.<\/strong><\/p>\n<p><strong>Devant cette grande perte, le Secr\u00e9taire g\u00e9n\u00e9ral du PPS, au nom de toutes les militantes et de tous les militants du Parti, pr\u00e9sente ses sinc\u00e8res condol\u00e9ances et sa sympathie \u00e0 la veuve du d\u00e9funt, Madame Rabia Touaiher, et \u00e0 ses enfants Amal, Yousra , Hicham et Omar, ainsi qu\u2019\u00e0 tous les membres de la famille, \u00e0 ses camarades de la section provinciale de Tanger, \u00e0 ses connaissances et amis, demandant au Tout-Puissant de b\u00e9nir le d\u00e9funt de Sa sainte mis\u00e9ricorde et d\u2019inspirer \u00e0 ses proches patience et bon r\u00e9confort.<\/strong><\/p>\n<p><strong>\u00a0Alors que le Parti fait ses adieux \u00e0 notre cher d\u00e9funt, pour sa part, le Bureau politique du parti, et avec lui l\u2019ensemble des militantes et militants du Parti, rappelle les hautes qualit\u00e9s militantes de notre regrett\u00e9 d\u00e9funt, sa forte conviction dans les principes, son combat pour la libert\u00e9 et la vie, son parcours riche et plein d\u2019apports, son attachement ind\u00e9fectible et sa forte loyaut\u00e9 envers les valeurs, les id\u00e9aux et les principes supr\u00eames auxquels il croyait, malgr\u00e9 tous les d\u00e9fis et difficult\u00e9s.<\/strong><\/p>\n<p><strong>De son vivant, il a assum\u00e9 des responsabilit\u00e9s organisationnelles, et il \u00e9tait un ancien membre du comit\u00e9 central et responsable syndical dans le secteur bancaire de l\u2019Union Marocaine du Travail.<\/strong><\/p>\n<p><strong>Face \u00e0 cette grande perte, le bureau politique du PPS prie pour le d\u00e9funt d\u2019\u00eatre entour\u00e9 par le pardon et la mis\u00e9ricorde, et adresse \u00e0 tous les membres de son honorable famille, amis et connaissances, ses sinc\u00e8res condol\u00e9ances et ses profonds sentiments de sympathie, confirmant que son parcours militant restera pr\u00e9sent dans la m\u00e9moire du Parti et de ses militantes et militants.<\/strong><\/p>\n<p><strong>\u00abNous sommes \u00e0 Dieu et \u00e0 Lui nous retournons\u00bb<\/strong><\/p>\n<p>L\u2019article <a rel=\"nofollow\" href=\"http:\/\/albayane.press.ma\/un-attachement-indefectible-et-une-forte-loyaute-envers-les-valeurs-et-les-ideaux-du-parti.html\">Un attachement ind\u00e9fectible et une forte loyaut\u00e9 envers les valeurs et les id\u00e9aux du Parti<\/a> est apparu en premier sur <a rel=\"nofollow\" href=\"http:\/\/albayane.press.ma\/\">ALBAYANE<\/a>.<\/p>\n<\/div>\n<p>Auteur: M&rsquo;hammed rahal<br \/>\n<a href=\"http:\/\/albayane.press.ma\/un-attachement-indefectible-et-une-forte-loyaute-envers-les-valeurs-et-les-ideaux-du-parti.html\">Cliquez ici pour lire l&rsquo;article depuis sa source.<\/a><\/p>\n","protected":false},"excerpt":{"rendered":"<p>D\u00e9c\u00e8s du camarade Mohamed Soussi Le bureau politique du Parti du progr\u00e8s et du socialisme annonce le d\u00e9c\u00e8s du camarade Mohamed Soussi, l\u2019un des v\u00e9t\u00e9rans du Parti \u00e0 Tanger et dans la r\u00e9gion du Nord. Dans un communiqu\u00e9, le Bureau politique du Parti du progr\u00e8s et du socialisme annonce avec douleur le d\u00e9c\u00e8s du camarade [&hellip;]<\/p>\n","protected":false},"author":1760,"featured_media":0,"comment_status":"closed","ping_status":"closed","sticky":false,"template":"","format":"standard","meta":{"fifu_image_url":"","fifu_image_alt":"","footnotes":""},"categories":[73,54],"tags":[],"class_list":["post-141296","post","type-post","status-publish","format-standard","hentry","category-actualite","category-maroc"],"_links":{"self":[{"href":"https:\/\/linitiative.ca\/International\/wp-json\/wp\/v2\/posts\/141296","targetHints":{"allow":["GET"]}}],"collection":[{"href":"https:\/\/linitiative.ca\/International\/wp-json\/wp\/v2\/posts"}],"about":[{"href":"https:\/\/linitiative.ca\/International\/wp-json\/wp\/v2\/types\/post"}],"author":[{"embeddable":true,"href":"https:\/\/linitiative.ca\/International\/wp-json\/wp\/v2\/users\/1760"}],"replies":[{"embeddable":true,"href":"https:\/\/linitiative.ca\/International\/wp-json\/wp\/v2\/comments?post=141296"}],"version-history":[{"count":0,"href":"https:\/\/linitiative.ca\/International\/wp-json\/wp\/v2\/posts\/141296\/revisions"}],"wp:attachment":[{"href":"https:\/\/linitiative.ca\/International\/wp-json\/wp\/v2\/media?parent=141296"}],"wp:term":[{"taxonomy":"category","embeddable":true,"href":"https:\/\/linitiative.ca\/International\/wp-json\/wp\/v2\/categories?post=141296"},{"taxonomy":"post_tag","embeddable":true,"href":"https:\/\/linitiative.ca\/International\/wp-json\/wp\/v2\/tags?post=141296"}],"curies":[{"name":"wp","href":"https:\/\/api.w.org\/{rel}","templated":true}]}}