{"id":141297,"date":"2022-02-20T09:07:17","date_gmt":"2022-02-20T14:07:17","guid":{"rendered":"https:\/\/linitiative.ca\/International\/un-militant-plein-dabnegation-et-de-fidelite-aux-principes-du-parti\/"},"modified":"2022-02-20T09:07:17","modified_gmt":"2022-02-20T14:07:17","slug":"un-militant-plein-dabnegation-et-de-fidelite-aux-principes-du-parti","status":"publish","type":"post","link":"https:\/\/linitiative.ca\/International\/un-militant-plein-dabnegation-et-de-fidelite-aux-principes-du-parti\/","title":{"rendered":"Un militant plein d\u2019abn\u00e9gation et de fid\u00e9lit\u00e9 aux principes du Parti"},"content":{"rendered":"<div>\n<p class=\"has-text-align-center has-vivid-red-color has-text-color\"><strong>Le PPS d\u00e9plore le d\u00e9c\u00e8s du camarade Mustapha Nejmi<\/strong><\/p>\n<p><strong>Le bureau politique du Parti du Progr\u00e8s et du Socialisme d\u00e9plore le d\u00e9c\u00e8s du camarade Mustapha Najmi, jeudi 17 f\u00e9vrier 2022 \u00e0 Casablanca apr\u00e8s un long combat contre la maladie Covid-19.<\/strong><\/p>\n<p><strong>Le d\u00e9funt camarade a men\u00e9 une vie militante pleine d\u2019apports au Parti, dans divers domaines, notamment sur les plans syndical et politique. Il avait rejoint les rangs du Parti depuis les ann\u00e9es soixante du si\u00e8cle dernier.<\/strong><\/p>\n<p><strong>Le d\u00e9funt a eu, tout particuli\u00e8rement, une activit\u00e9 importante sur le plan politique, \u00e9tant membre actif de la section provinciale d\u2019Anfa du Parti du progr\u00e8s et du socialisme, o\u00f9 il a assum\u00e9 plusieurs responsabilit\u00e9s ainsi que sur le plan syndical au sein de la F\u00e9d\u00e9ration nationale des travaux publics et des transports, compte tenu de la r\u00e9putation dont il jouissait aupr\u00e8s du parti.<\/strong><\/p>\n<p><strong>En ces tristes moments, le camarade Mohamed Nabil Benabdallah, Secr\u00e9taire g\u00e9n\u00e9ral du PPS, exprime, en son propre nom, et au nom de toutes les militantes et militants du Parti du progr\u00e8s et du socialisme, la douleur de cette perte qu\u2019il partage avec la petite famille et tous les membres de la grande famille du d\u00e9funt.<\/strong><\/p>\n<p><strong>Le Parti du Progr\u00e8s et du Socialisme, endeuill\u00e9 par cette perte cruelle, \u00e9voque, avec r\u00e9v\u00e9rence, les m\u00e9rites du militant disparu \u2013 paix \u00e0 son \u00e2me \u2013 qui \u00e9tait connu par sa lutte sinc\u00e8re, son dynamisme d\u00e9bordant et son amour propre, outre son abn\u00e9gation, sa fid\u00e9lit\u00e9 aux valeurs et principes du Parti, et sa d\u00e9termination \u00e0 d\u00e9fendre et soutenir le droit.<\/strong><\/p>\n<p><strong>Le Parti du Progr\u00e8s et du Socialisme continuera \u00e0 pr\u00e9server la m\u00e9moire de ce vaillant militant, dont la vie a \u00e9t\u00e9 marqu\u00e9e par un riche combat dans l\u2019espace partisan et associatif, local et r\u00e9gional, et dans la d\u00e9fense des causes des citoyennes et des citoyens, avec sa fid\u00e9lit\u00e9 aux principes et valeurs de son Parti.<\/strong><\/p>\n<p><strong>En cette douloureuse circonstance, le Secr\u00e9taire g\u00e9n\u00e9ral du PPS, le bureau politique, le comit\u00e9 central et toutes les militantes et militants pr\u00e9sentent leurs plus sinc\u00e8res condol\u00e9ances et profonds sentiments de sympathie \u00e0 la famille du d\u00e9funt du Parti \u2013 paix \u00e0 son \u00e2me \u2013 implorant\u00a0 le Tout Puissant de lui accorder Sa sainte mis\u00e9ricorde.<\/strong><\/p>\n<p class=\"has-text-align-center has-text-color\" style=\"color:#099196\"><strong>\u00ab Nous sommes \u00e0 Dieu et \u00e0 Lui nous retournerons \u00bb.<\/strong><\/p>\n<p>L\u2019article <a rel=\"nofollow\" href=\"http:\/\/albayane.press.ma\/un-militant-plein-dabnegation-et-de-fidelite-aux-principes-du-parti.html\">Un militant plein d\u2019abn\u00e9gation et de fid\u00e9lit\u00e9 aux principes du Parti<\/a> est apparu en premier sur <a rel=\"nofollow\" href=\"http:\/\/albayane.press.ma\/\">ALBAYANE<\/a>.<\/p>\n<\/div>\n<p>Auteur: M&rsquo;hammed rahal<br \/>\n<a href=\"http:\/\/albayane.press.ma\/un-militant-plein-dabnegation-et-de-fidelite-aux-principes-du-parti.html\">Cliquez ici pour lire l&rsquo;article depuis sa source.<\/a><\/p>\n","protected":false},"excerpt":{"rendered":"<p>Le PPS d\u00e9plore le d\u00e9c\u00e8s du camarade Mustapha Nejmi Le bureau politique du Parti du Progr\u00e8s et du Socialisme d\u00e9plore le d\u00e9c\u00e8s du camarade Mustapha Najmi, jeudi 17 f\u00e9vrier 2022 \u00e0 Casablanca apr\u00e8s un long combat contre la maladie Covid-19. Le d\u00e9funt camarade a men\u00e9 une vie militante pleine d\u2019apports au Parti, dans divers domaines, [&hellip;]<\/p>\n","protected":false},"author":1760,"featured_media":0,"comment_status":"closed","ping_status":"closed","sticky":false,"template":"","format":"standard","meta":{"fifu_image_url":"","fifu_image_alt":"","footnotes":""},"categories":[73,54],"tags":[],"class_list":["post-141297","post","type-post","status-publish","format-standard","hentry","category-actualite","category-maroc"],"_links":{"self":[{"href":"https:\/\/linitiative.ca\/International\/wp-json\/wp\/v2\/posts\/141297","targetHints":{"allow":["GET"]}}],"collection":[{"href":"https:\/\/linitiative.ca\/International\/wp-json\/wp\/v2\/posts"}],"about":[{"href":"https:\/\/linitiative.ca\/International\/wp-json\/wp\/v2\/types\/post"}],"author":[{"embeddable":true,"href":"https:\/\/linitiative.ca\/International\/wp-json\/wp\/v2\/users\/1760"}],"replies":[{"embeddable":true,"href":"https:\/\/linitiative.ca\/International\/wp-json\/wp\/v2\/comments?post=141297"}],"version-history":[{"count":0,"href":"https:\/\/linitiative.ca\/International\/wp-json\/wp\/v2\/posts\/141297\/revisions"}],"wp:attachment":[{"href":"https:\/\/linitiative.ca\/International\/wp-json\/wp\/v2\/media?parent=141297"}],"wp:term":[{"taxonomy":"category","embeddable":true,"href":"https:\/\/linitiative.ca\/International\/wp-json\/wp\/v2\/categories?post=141297"},{"taxonomy":"post_tag","embeddable":true,"href":"https:\/\/linitiative.ca\/International\/wp-json\/wp\/v2\/tags?post=141297"}],"curies":[{"name":"wp","href":"https:\/\/api.w.org\/{rel}","templated":true}]}}