{"id":141308,"date":"2022-02-20T13:35:00","date_gmt":"2022-02-20T18:35:00","guid":{"rendered":"https:\/\/linitiative.ca\/International\/bundesliga-bensebaini-et-mgladbach-se-font-atomiser-par-le-borussia-dortmund\/"},"modified":"2022-02-20T13:35:00","modified_gmt":"2022-02-20T18:35:00","slug":"bundesliga-bensebaini-et-mgladbach-se-font-atomiser-par-le-borussia-dortmund","status":"publish","type":"post","link":"https:\/\/linitiative.ca\/International\/bundesliga-bensebaini-et-mgladbach-se-font-atomiser-par-le-borussia-dortmund\/","title":{"rendered":"Bundesliga : Bensebaini et M&rsquo;Gladbach se font atomiser par le Borussia Dortmund"},"content":{"rendered":"<div>L&rsquo;international alg\u00e9rien a jou\u00e9 l&rsquo;int\u00e9gralit\u00e9 de ce match face \u00e0 Dortmund qui les a vu s&rsquo;incliner sur le score de 6-0<\/div>\n<p>Auteur:<br \/>\n<a href=\"https:\/\/www.lebuteur.com\/article\/detail?titre=bundesliga-bensebaini-et-mgladbach-se-font-atomiser-par-le-borussia-dortmund&#038;id=102345\">Cliquez ici pour lire l&rsquo;article depuis sa source.<\/a><\/p>\n","protected":false},"excerpt":{"rendered":"<p>L&rsquo;international alg\u00e9rien a jou\u00e9 l&rsquo;int\u00e9gralit\u00e9 de ce match face \u00e0 Dortmund qui les a vu s&rsquo;incliner sur le score de 6-0 Auteur: Cliquez ici pour lire l&rsquo;article depuis sa source.<\/p>\n","protected":false},"author":1738,"featured_media":0,"comment_status":"closed","ping_status":"closed","sticky":false,"template":"","format":"standard","meta":{"fifu_image_url":"","fifu_image_alt":"","footnotes":""},"categories":[53,75],"tags":[],"class_list":["post-141308","post","type-post","status-publish","format-standard","hentry","category-algerie","category-sport"],"_links":{"self":[{"href":"https:\/\/linitiative.ca\/International\/wp-json\/wp\/v2\/posts\/141308","targetHints":{"allow":["GET"]}}],"collection":[{"href":"https:\/\/linitiative.ca\/International\/wp-json\/wp\/v2\/posts"}],"about":[{"href":"https:\/\/linitiative.ca\/International\/wp-json\/wp\/v2\/types\/post"}],"author":[{"embeddable":true,"href":"https:\/\/linitiative.ca\/International\/wp-json\/wp\/v2\/users\/1738"}],"replies":[{"embeddable":true,"href":"https:\/\/linitiative.ca\/International\/wp-json\/wp\/v2\/comments?post=141308"}],"version-history":[{"count":0,"href":"https:\/\/linitiative.ca\/International\/wp-json\/wp\/v2\/posts\/141308\/revisions"}],"wp:attachment":[{"href":"https:\/\/linitiative.ca\/International\/wp-json\/wp\/v2\/media?parent=141308"}],"wp:term":[{"taxonomy":"category","embeddable":true,"href":"https:\/\/linitiative.ca\/International\/wp-json\/wp\/v2\/categories?post=141308"},{"taxonomy":"post_tag","embeddable":true,"href":"https:\/\/linitiative.ca\/International\/wp-json\/wp\/v2\/tags?post=141308"}],"curies":[{"name":"wp","href":"https:\/\/api.w.org\/{rel}","templated":true}]}}