{"id":141309,"date":"2022-02-20T14:05:00","date_gmt":"2022-02-20T19:05:00","guid":{"rendered":"https:\/\/linitiative.ca\/International\/brest-va-ouvrir-une-enquete-apres-les-allegations-dinsultes-racistes-contre-belaili-a-reims\/"},"modified":"2022-02-20T14:05:00","modified_gmt":"2022-02-20T19:05:00","slug":"brest-va-ouvrir-une-enquete-apres-les-allegations-dinsultes-racistes-contre-belaili-a-reims","status":"publish","type":"post","link":"https:\/\/linitiative.ca\/International\/brest-va-ouvrir-une-enquete-apres-les-allegations-dinsultes-racistes-contre-belaili-a-reims\/","title":{"rendered":"Brest va ouvrir une enqu\u00eate apr\u00e8s les all\u00e9gations d&rsquo;insultes racistes contre Bela\u00efli \u00e0 Reims"},"content":{"rendered":"<div>L&rsquo;international alg\u00e9rien aurait \u00e9t\u00e9 victime d&rsquo;insultes racistes au Stade Auguste-Delaune de Reims ce dimanche<\/div>\n<p>Auteur:<br \/>\n<a href=\"https:\/\/www.lebuteur.com\/article\/detail?titre=brest-va-ouvrir-une-enquete-apres-les-allegations-dinsultes-racistes-contre-belaili-a-reims&#038;id=102346\">Cliquez ici pour lire l&rsquo;article depuis sa source.<\/a><\/p>\n","protected":false},"excerpt":{"rendered":"<p>L&rsquo;international alg\u00e9rien aurait \u00e9t\u00e9 victime d&rsquo;insultes racistes au Stade Auguste-Delaune de Reims ce dimanche Auteur: Cliquez ici pour lire l&rsquo;article depuis sa source.<\/p>\n","protected":false},"author":1738,"featured_media":0,"comment_status":"closed","ping_status":"closed","sticky":false,"template":"","format":"standard","meta":{"fifu_image_url":"","fifu_image_alt":"","footnotes":""},"categories":[53,75],"tags":[],"class_list":["post-141309","post","type-post","status-publish","format-standard","hentry","category-algerie","category-sport"],"_links":{"self":[{"href":"https:\/\/linitiative.ca\/International\/wp-json\/wp\/v2\/posts\/141309","targetHints":{"allow":["GET"]}}],"collection":[{"href":"https:\/\/linitiative.ca\/International\/wp-json\/wp\/v2\/posts"}],"about":[{"href":"https:\/\/linitiative.ca\/International\/wp-json\/wp\/v2\/types\/post"}],"author":[{"embeddable":true,"href":"https:\/\/linitiative.ca\/International\/wp-json\/wp\/v2\/users\/1738"}],"replies":[{"embeddable":true,"href":"https:\/\/linitiative.ca\/International\/wp-json\/wp\/v2\/comments?post=141309"}],"version-history":[{"count":0,"href":"https:\/\/linitiative.ca\/International\/wp-json\/wp\/v2\/posts\/141309\/revisions"}],"wp:attachment":[{"href":"https:\/\/linitiative.ca\/International\/wp-json\/wp\/v2\/media?parent=141309"}],"wp:term":[{"taxonomy":"category","embeddable":true,"href":"https:\/\/linitiative.ca\/International\/wp-json\/wp\/v2\/categories?post=141309"},{"taxonomy":"post_tag","embeddable":true,"href":"https:\/\/linitiative.ca\/International\/wp-json\/wp\/v2\/tags?post=141309"}],"curies":[{"name":"wp","href":"https:\/\/api.w.org\/{rel}","templated":true}]}}