{"id":141311,"date":"2022-02-20T03:00:00","date_gmt":"2022-02-20T08:00:00","guid":{"rendered":"https:\/\/linitiative.ca\/International\/mohamed-el-aziz-ben-achour-la-tolerance-dans-lhistoire-de-lislam\/"},"modified":"2022-02-20T03:00:00","modified_gmt":"2022-02-20T08:00:00","slug":"mohamed-el-aziz-ben-achour-la-tolerance-dans-lhistoire-de-lislam","status":"publish","type":"post","link":"https:\/\/linitiative.ca\/International\/mohamed-el-aziz-ben-achour-la-tolerance-dans-lhistoire-de-lislam\/","title":{"rendered":"Mohamed-El Aziz Ben Achour: La tol\u00e9rance dans l\u2019histoire de l\u2019Islam"},"content":{"rendered":"<div><img decoding=\"async\" src=\"https:\/\/linitiative.ca\/International\/wp-content\/uploads\/sites\/23\/2022\/02\/1645206070_article.jpg\" alt=\"Mohamed-El Aziz Ben Achour: La tol\u00e9rance dans l\u2019histoire de l\u2019Islam\" align=\"left\">Dans le discours philosophique, id\u00e9ologique et politique du monde arabe et musulman actuel, un concept fait flor\u00e8s. Il s\u2019agit du tas\u00e2muh, la tol\u00e9rance. Par le truchement des m\u00e9dias et des r\u00e9seaux sociaux, son emploi est fr\u00e9quent mais cela ne signifie pas qu\u2019il s\u2019agit d\u2019une valeur apparue r\u00e9cemment, au contraire.\u00a0 En effet, non seulement sa conceptualisation, fond\u00e9e sur les pr\u00e9ceptes coraniques, mais aussi sa mise en \u0153uvre sont fort anciennes. Versets du Coran et recommandations du Proph\u00e8te soulignent la corr\u00e9lation entre le puissant sentiment d\u2019appartenance communautaire qui doit unir les croyants et leur attitude bienveillante \u00e0 l\u2019\u00e9gard des non-musulmans en &#8230;<\/p>\n<\/div>\n<p>Auteur:<br \/>\n<a href=\"https:\/\/www.leaders.com.tn\/article\/32984-mohamed-el-aziz-ben-achour-la-tolerance-dans-l-histoire-de-l-islam\">Cliquez ici pour lire l&rsquo;article depuis sa source.<\/a><\/p>\n","protected":false},"excerpt":{"rendered":"<p>Dans le discours philosophique, id\u00e9ologique et politique du monde arabe et musulman actuel, un concept fait flor\u00e8s. Il s\u2019agit du tas\u00e2muh, la tol\u00e9rance. Par le truchement des m\u00e9dias et des r\u00e9seaux sociaux, son emploi est fr\u00e9quent mais cela ne signifie pas qu\u2019il s\u2019agit d\u2019une valeur apparue r\u00e9cemment, au contraire.\u00a0 En effet, non seulement sa conceptualisation, [&hellip;]<\/p>\n","protected":false},"author":1772,"featured_media":0,"comment_status":"closed","ping_status":"closed","sticky":false,"template":"","format":"standard","meta":{"fifu_image_url":"http:\/\/www.leaders.com.tn\/uploads\/content\/thumbnails_small\/1645206070_article.jpg","fifu_image_alt":"Mohamed-El Aziz Ben Achour: La tol\u00e9rance dans l\u2019histoire de l\u2019Islam","footnotes":""},"categories":[73,55],"tags":[],"class_list":["post-141311","post","type-post","status-publish","format-standard","hentry","category-actualite","category-tunisie"],"_links":{"self":[{"href":"https:\/\/linitiative.ca\/International\/wp-json\/wp\/v2\/posts\/141311","targetHints":{"allow":["GET"]}}],"collection":[{"href":"https:\/\/linitiative.ca\/International\/wp-json\/wp\/v2\/posts"}],"about":[{"href":"https:\/\/linitiative.ca\/International\/wp-json\/wp\/v2\/types\/post"}],"author":[{"embeddable":true,"href":"https:\/\/linitiative.ca\/International\/wp-json\/wp\/v2\/users\/1772"}],"replies":[{"embeddable":true,"href":"https:\/\/linitiative.ca\/International\/wp-json\/wp\/v2\/comments?post=141311"}],"version-history":[{"count":0,"href":"https:\/\/linitiative.ca\/International\/wp-json\/wp\/v2\/posts\/141311\/revisions"}],"wp:attachment":[{"href":"https:\/\/linitiative.ca\/International\/wp-json\/wp\/v2\/media?parent=141311"}],"wp:term":[{"taxonomy":"category","embeddable":true,"href":"https:\/\/linitiative.ca\/International\/wp-json\/wp\/v2\/categories?post=141311"},{"taxonomy":"post_tag","embeddable":true,"href":"https:\/\/linitiative.ca\/International\/wp-json\/wp\/v2\/tags?post=141311"}],"curies":[{"name":"wp","href":"https:\/\/api.w.org\/{rel}","templated":true}]}}