{"id":141317,"date":"2022-02-20T06:45:08","date_gmt":"2022-02-20T11:45:08","guid":{"rendered":"https:\/\/linitiative.ca\/International\/crise-ukrainienne-lafrique-du-nord-une-autre-solution-potentielle-aux-problemes-energetiques-de-leurope-rapport\/"},"modified":"2022-02-20T06:45:08","modified_gmt":"2022-02-20T11:45:08","slug":"crise-ukrainienne-lafrique-du-nord-une-autre-solution-potentielle-aux-problemes-energetiques-de-leurope-rapport","status":"publish","type":"post","link":"https:\/\/linitiative.ca\/International\/crise-ukrainienne-lafrique-du-nord-une-autre-solution-potentielle-aux-problemes-energetiques-de-leurope-rapport\/","title":{"rendered":"Crise ukrainienne. L\u2019Afrique du Nord, une autre solution potentielle aux probl\u00e8mes \u00e9nerg\u00e9tiques de l\u2019Europe [Rapport]"},"content":{"rendered":"<div><img decoding=\"async\" width=\"588\" height=\"331\" src=\"https:\/\/linitiative.ca\/International\/wp-content\/uploads\/sites\/23\/2022\/02\/GAZODUC.jpg\" class=\"attachment-post-thumbnail size-post-thumbnail wp-post-image\" alt=\"\" loading=\"lazy\" srcset=\"https:\/\/linitiative.ca\/International\/wp-content\/uploads\/sites\/23\/2022\/02\/GAZODUC.jpg 588w, https:\/\/www.challenge.ma\/wp-content\/uploads\/2022\/02\/GAZODUC-300x169.jpg 300w, https:\/\/www.challenge.ma\/wp-content\/uploads\/2022\/02\/GAZODUC-360x203.jpg 360w\" sizes=\"auto, (max-width: 588px) 100vw, 588px\" itemprop=\"image\">Crise ukrainienne. L\u2019Afrique du Nord, une autre solution potentielle aux probl\u00e8mes \u00e9nerg\u00e9tiques de l\u2019Europe [Rapport] La crise ukrainienne pourrait menacer les livraisons de gaz russe \u00e0 l\u2019Europe, des livraisons vitales pour certains pays. Pour d\u00e9jouer une telle \u00e9ventualit\u00e9, le think tank allemand \u00ab European Council on Foreign Relations \u00bb, estime<\/div>\n<p>Auteur: challenge<br \/>\n<a href=\"https:\/\/www.challenge.ma\/crise-ukrainienne-lafrique-du-nord-une-autre-solution-potentielle-aux-problemes-energetiques-de-leurope-rapport-232986\/\">Cliquez ici pour lire l&rsquo;article depuis sa source.<\/a><\/p>\n","protected":false},"excerpt":{"rendered":"<p>Crise ukrainienne. L\u2019Afrique du Nord, une autre solution potentielle aux probl\u00e8mes \u00e9nerg\u00e9tiques de l\u2019Europe [Rapport] La crise ukrainienne pourrait menacer les livraisons de gaz russe \u00e0 l\u2019Europe, des livraisons vitales pour certains pays. Pour d\u00e9jouer une telle \u00e9ventualit\u00e9, le think tank allemand \u00ab European Council on Foreign Relations \u00bb, estime Auteur: challenge Cliquez ici pour [&hellip;]<\/p>\n","protected":false},"author":1787,"featured_media":0,"comment_status":"closed","ping_status":"closed","sticky":false,"template":"","format":"standard","meta":{"fifu_image_url":"https:\/\/www.challenge.ma\/wp-content\/uploads\/2022\/02\/GAZODUC.jpg","fifu_image_alt":"Crise ukrainienne. L\u2019Afrique du Nord, une autre solution potentielle aux probl\u00e8mes \u00e9nerg\u00e9tiques de l\u2019Europe [Rapport]","footnotes":""},"categories":[78,54],"tags":[],"class_list":["post-141317","post","type-post","status-publish","format-standard","hentry","category-economie","category-maroc"],"_links":{"self":[{"href":"https:\/\/linitiative.ca\/International\/wp-json\/wp\/v2\/posts\/141317","targetHints":{"allow":["GET"]}}],"collection":[{"href":"https:\/\/linitiative.ca\/International\/wp-json\/wp\/v2\/posts"}],"about":[{"href":"https:\/\/linitiative.ca\/International\/wp-json\/wp\/v2\/types\/post"}],"author":[{"embeddable":true,"href":"https:\/\/linitiative.ca\/International\/wp-json\/wp\/v2\/users\/1787"}],"replies":[{"embeddable":true,"href":"https:\/\/linitiative.ca\/International\/wp-json\/wp\/v2\/comments?post=141317"}],"version-history":[{"count":0,"href":"https:\/\/linitiative.ca\/International\/wp-json\/wp\/v2\/posts\/141317\/revisions"}],"wp:attachment":[{"href":"https:\/\/linitiative.ca\/International\/wp-json\/wp\/v2\/media?parent=141317"}],"wp:term":[{"taxonomy":"category","embeddable":true,"href":"https:\/\/linitiative.ca\/International\/wp-json\/wp\/v2\/categories?post=141317"},{"taxonomy":"post_tag","embeddable":true,"href":"https:\/\/linitiative.ca\/International\/wp-json\/wp\/v2\/tags?post=141317"}],"curies":[{"name":"wp","href":"https:\/\/api.w.org\/{rel}","templated":true}]}}