{"id":141319,"date":"2022-02-20T07:28:20","date_gmt":"2022-02-20T12:28:20","guid":{"rendered":"https:\/\/linitiative.ca\/International\/automobile-et-aeronautique-100-000-ingenieurs-cadres-moyens-et-techniciens-superieurs-marocains-a-former-dici-2025\/"},"modified":"2022-02-20T07:28:20","modified_gmt":"2022-02-20T12:28:20","slug":"automobile-et-aeronautique-100-000-ingenieurs-cadres-moyens-et-techniciens-superieurs-marocains-a-former-dici-2025","status":"publish","type":"post","link":"https:\/\/linitiative.ca\/International\/automobile-et-aeronautique-100-000-ingenieurs-cadres-moyens-et-techniciens-superieurs-marocains-a-former-dici-2025\/","title":{"rendered":"Automobile et a\u00e9ronautique. 100 000 ing\u00e9nieurs, cadres moyens et techniciens sup\u00e9rieurs marocains \u00e0 former d\u2019ici 2025"},"content":{"rendered":"<div><img decoding=\"async\" width=\"800\" height=\"500\" src=\"https:\/\/linitiative.ca\/International\/wp-content\/uploads\/sites\/23\/2022\/02\/AUTO.jpg\" class=\"attachment-post-thumbnail size-post-thumbnail wp-post-image\" alt=\"\" loading=\"lazy\" srcset=\"https:\/\/linitiative.ca\/International\/wp-content\/uploads\/sites\/23\/2022\/02\/AUTO.jpg 800w, https:\/\/www.challenge.ma\/wp-content\/uploads\/2022\/02\/AUTO-300x188.jpg 300w, https:\/\/www.challenge.ma\/wp-content\/uploads\/2022\/02\/AUTO-768x480.jpg 768w, https:\/\/www.challenge.ma\/wp-content\/uploads\/2022\/02\/AUTO-360x225.jpg 360w, https:\/\/www.challenge.ma\/wp-content\/uploads\/2022\/02\/AUTO-750x469.jpg 750w\" sizes=\"auto, (max-width: 800px) 100vw, 800px\" itemprop=\"image\">Le Maroc a besoin d\u2019ing\u00e9nieurs, de cadres moyens et de techniciens sup\u00e9rieurs pour prendre le train de l\u2019a\u00e9ronautique et l\u2019automobile. Face \u00e0 l\u2019urgence, non seulement les programmes de formation pour les cycles ing\u00e9nieurs et techniciens seront r\u00e9vis\u00e9s \u00e0 travers l\u2019int\u00e9gration progressive de modules de formation sur les soft skills, la<\/div>\n<p>Auteur: challenge<br \/>\n<a href=\"https:\/\/www.challenge.ma\/automobile-et-aeronautique-100-000-ingenieurs-cadres-moyens-et-techniciens-superieurs-marocains-a-former-dici-2025-232990\/\">Cliquez ici pour lire l&rsquo;article depuis sa source.<\/a><\/p>\n","protected":false},"excerpt":{"rendered":"<p>Le Maroc a besoin d\u2019ing\u00e9nieurs, de cadres moyens et de techniciens sup\u00e9rieurs pour prendre le train de l\u2019a\u00e9ronautique et l\u2019automobile. Face \u00e0 l\u2019urgence, non seulement les programmes de formation pour les cycles ing\u00e9nieurs et techniciens seront r\u00e9vis\u00e9s \u00e0 travers l\u2019int\u00e9gration progressive de modules de formation sur les soft skills, la Auteur: challenge Cliquez ici pour [&hellip;]<\/p>\n","protected":false},"author":1787,"featured_media":0,"comment_status":"closed","ping_status":"closed","sticky":false,"template":"","format":"standard","meta":{"fifu_image_url":"https:\/\/www.challenge.ma\/wp-content\/uploads\/2022\/02\/AUTO.jpg","fifu_image_alt":"Automobile et a\u00e9ronautique. 100 000 ing\u00e9nieurs, cadres moyens et techniciens sup\u00e9rieurs marocains \u00e0 former d\u2019ici 2025","footnotes":""},"categories":[78,54],"tags":[],"class_list":["post-141319","post","type-post","status-publish","format-standard","hentry","category-economie","category-maroc"],"_links":{"self":[{"href":"https:\/\/linitiative.ca\/International\/wp-json\/wp\/v2\/posts\/141319","targetHints":{"allow":["GET"]}}],"collection":[{"href":"https:\/\/linitiative.ca\/International\/wp-json\/wp\/v2\/posts"}],"about":[{"href":"https:\/\/linitiative.ca\/International\/wp-json\/wp\/v2\/types\/post"}],"author":[{"embeddable":true,"href":"https:\/\/linitiative.ca\/International\/wp-json\/wp\/v2\/users\/1787"}],"replies":[{"embeddable":true,"href":"https:\/\/linitiative.ca\/International\/wp-json\/wp\/v2\/comments?post=141319"}],"version-history":[{"count":0,"href":"https:\/\/linitiative.ca\/International\/wp-json\/wp\/v2\/posts\/141319\/revisions"}],"wp:attachment":[{"href":"https:\/\/linitiative.ca\/International\/wp-json\/wp\/v2\/media?parent=141319"}],"wp:term":[{"taxonomy":"category","embeddable":true,"href":"https:\/\/linitiative.ca\/International\/wp-json\/wp\/v2\/categories?post=141319"},{"taxonomy":"post_tag","embeddable":true,"href":"https:\/\/linitiative.ca\/International\/wp-json\/wp\/v2\/tags?post=141319"}],"curies":[{"name":"wp","href":"https:\/\/api.w.org\/{rel}","templated":true}]}}