{"id":141327,"date":"2022-02-20T15:08:46","date_gmt":"2022-02-20T20:08:46","guid":{"rendered":"https:\/\/linitiative.ca\/International\/tunisie-video-chassez-le-naturel-il-revient-au-galop-ghannouchi-qualifie-les-forces-de-lordre-de-taghout\/"},"modified":"2022-02-20T15:08:46","modified_gmt":"2022-02-20T20:08:46","slug":"tunisie-video-chassez-le-naturel-il-revient-au-galop-ghannouchi-qualifie-les-forces-de-lordre-de-taghout","status":"publish","type":"post","link":"https:\/\/linitiative.ca\/International\/tunisie-video-chassez-le-naturel-il-revient-au-galop-ghannouchi-qualifie-les-forces-de-lordre-de-taghout\/","title":{"rendered":"Tunisie \u2013 VIDEO\u00a0: Chassez le naturel, il revient au galop\u2026 Ghannouchi qualifie les forces de l\u2019ordre de \u00ab\u00a0Taghout\u00a0\u00bb\u00a0!"},"content":{"rendered":"<div>\n<p>Il semblerait que la pression psychologique et \u00e9motionnelle ait fini par avoir raison du self contr\u00f4le et des efforts de ma\u00eetrise de soi et de son langage de Rached Ghannouchi, le leader des islamistes d\u2019Ennahdha. Car, depuis leur d\u00e9route depuis le 25 juillet dernier, et leur \u00e9viction du pouvoir et de l\u2019ARP, par le pr\u00e9sident [\u2026]<\/p>\n<p>L\u2019article <a href=\"https:\/\/www.tunisienumerique.com\/tunisie-video-chassez-le-naturel-il-revient-au-galop-ghannouchi-qualifie-les-forces-de-lordre-de-taghout\/\">Tunisie \u2013 VIDEO\u00a0: Chassez le naturel, il revient au galop\u2026 Ghannouchi qualifie les forces de l\u2019ordre de \u00ab\u00a0Taghout\u00a0\u00bb\u00a0!<\/a> est apparu en premier sur <a href=\"https:\/\/www.tunisienumerique.com\/\">Tunisie<\/a>.<\/p>\n<\/div>\n<p>Auteur: Ramsis<br \/>\n<a href=\"https:\/\/www.tunisienumerique.com\/tunisie-video-chassez-le-naturel-il-revient-au-galop-ghannouchi-qualifie-les-forces-de-lordre-de-taghout\/\">Cliquez ici pour lire l&rsquo;article depuis sa source.<\/a><\/p>\n","protected":false},"excerpt":{"rendered":"<p>Il semblerait que la pression psychologique et \u00e9motionnelle ait fini par avoir raison du self contr\u00f4le et des efforts de ma\u00eetrise de soi et de son langage de Rached Ghannouchi, le leader des islamistes d\u2019Ennahdha. Car, depuis leur d\u00e9route depuis le 25 juillet dernier, et leur \u00e9viction du pouvoir et de l\u2019ARP, par le pr\u00e9sident [&hellip;]<\/p>\n","protected":false},"author":1789,"featured_media":0,"comment_status":"closed","ping_status":"closed","sticky":false,"template":"","format":"standard","meta":{"fifu_image_url":"","fifu_image_alt":"","footnotes":""},"categories":[73,55],"tags":[],"class_list":["post-141327","post","type-post","status-publish","format-standard","hentry","category-actualite","category-tunisie"],"_links":{"self":[{"href":"https:\/\/linitiative.ca\/International\/wp-json\/wp\/v2\/posts\/141327","targetHints":{"allow":["GET"]}}],"collection":[{"href":"https:\/\/linitiative.ca\/International\/wp-json\/wp\/v2\/posts"}],"about":[{"href":"https:\/\/linitiative.ca\/International\/wp-json\/wp\/v2\/types\/post"}],"author":[{"embeddable":true,"href":"https:\/\/linitiative.ca\/International\/wp-json\/wp\/v2\/users\/1789"}],"replies":[{"embeddable":true,"href":"https:\/\/linitiative.ca\/International\/wp-json\/wp\/v2\/comments?post=141327"}],"version-history":[{"count":0,"href":"https:\/\/linitiative.ca\/International\/wp-json\/wp\/v2\/posts\/141327\/revisions"}],"wp:attachment":[{"href":"https:\/\/linitiative.ca\/International\/wp-json\/wp\/v2\/media?parent=141327"}],"wp:term":[{"taxonomy":"category","embeddable":true,"href":"https:\/\/linitiative.ca\/International\/wp-json\/wp\/v2\/categories?post=141327"},{"taxonomy":"post_tag","embeddable":true,"href":"https:\/\/linitiative.ca\/International\/wp-json\/wp\/v2\/tags?post=141327"}],"curies":[{"name":"wp","href":"https:\/\/api.w.org\/{rel}","templated":true}]}}