{"id":141328,"date":"2022-02-20T15:31:39","date_gmt":"2022-02-20T20:31:39","guid":{"rendered":"https:\/\/linitiative.ca\/International\/par-henda-haouala-moncef-dhouib-cinema-tunisien-commission-subvention-syndicats-entre-absurdite-et-aberrance\/"},"modified":"2022-02-20T15:31:39","modified_gmt":"2022-02-20T20:31:39","slug":"par-henda-haouala-moncef-dhouib-cinema-tunisien-commission-subvention-syndicats-entre-absurdite-et-aberrance","status":"publish","type":"post","link":"https:\/\/linitiative.ca\/International\/par-henda-haouala-moncef-dhouib-cinema-tunisien-commission-subvention-syndicats-entre-absurdite-et-aberrance\/","title":{"rendered":"Par Henda Haouala  \u2013 Moncef Dhouib\u00a0: Cin\u00e9ma tunisien, commission, subvention, syndicats\u00a0: Entre absurdit\u00e9 et aberrance"},"content":{"rendered":"<div>\n<p>Lors de notre entretien\u00a0 dont la premi\u00e8re partie a \u00e9t\u00e9 publi\u00e9e le 15 F\u00e9vrier 2022,\u00a0 Moncef\u00a0 Dhouib a\u00a0 soulev\u00e9 les probl\u00e8mes fondamentaux de la t\u00e9l\u00e9vision nationale et a \u00e9voqu\u00e9 un parall\u00e8le entre la cha\u00eene t\u00e9l\u00e9visuelle et le Minist\u00e8re de la culture. Il a mentionn\u00e9 un dysfonctionnement dans la gestion de ces deux structures venant principalement [\u2026]<\/p>\n<p>L\u2019article <a href=\"https:\/\/www.tunisienumerique.com\/par-henda-haouala-moncef-dhouib-cinema-tunisien-commission-subvention-syndicats-entre-absurdite-et-aberrance\/\">Par Henda Haouala  \u2013 Moncef Dhouib\u00a0: Cin\u00e9ma tunisien, commission, subvention, syndicats\u00a0: Entre absurdit\u00e9 et aberrance<\/a> est apparu en premier sur <a href=\"https:\/\/www.tunisienumerique.com\/\">Tunisie<\/a>.<\/p>\n<\/div>\n<p>Auteur: Tunisie Num\u00e9rique<br \/>\n<a href=\"https:\/\/www.tunisienumerique.com\/par-henda-haouala-moncef-dhouib-cinema-tunisien-commission-subvention-syndicats-entre-absurdite-et-aberrance\/\">Cliquez ici pour lire l&rsquo;article depuis sa source.<\/a><\/p>\n","protected":false},"excerpt":{"rendered":"<p>Lors de notre entretien\u00a0 dont la premi\u00e8re partie a \u00e9t\u00e9 publi\u00e9e le 15 F\u00e9vrier 2022,\u00a0 Moncef\u00a0 Dhouib a\u00a0 soulev\u00e9 les probl\u00e8mes fondamentaux de la t\u00e9l\u00e9vision nationale et a \u00e9voqu\u00e9 un parall\u00e8le entre la cha\u00eene t\u00e9l\u00e9visuelle et le Minist\u00e8re de la culture. Il a mentionn\u00e9 un dysfonctionnement dans la gestion de ces deux structures venant principalement [&hellip;]<\/p>\n","protected":false},"author":1789,"featured_media":0,"comment_status":"closed","ping_status":"closed","sticky":false,"template":"","format":"standard","meta":{"fifu_image_url":"","fifu_image_alt":"","footnotes":""},"categories":[73,55],"tags":[],"class_list":["post-141328","post","type-post","status-publish","format-standard","hentry","category-actualite","category-tunisie"],"_links":{"self":[{"href":"https:\/\/linitiative.ca\/International\/wp-json\/wp\/v2\/posts\/141328","targetHints":{"allow":["GET"]}}],"collection":[{"href":"https:\/\/linitiative.ca\/International\/wp-json\/wp\/v2\/posts"}],"about":[{"href":"https:\/\/linitiative.ca\/International\/wp-json\/wp\/v2\/types\/post"}],"author":[{"embeddable":true,"href":"https:\/\/linitiative.ca\/International\/wp-json\/wp\/v2\/users\/1789"}],"replies":[{"embeddable":true,"href":"https:\/\/linitiative.ca\/International\/wp-json\/wp\/v2\/comments?post=141328"}],"version-history":[{"count":0,"href":"https:\/\/linitiative.ca\/International\/wp-json\/wp\/v2\/posts\/141328\/revisions"}],"wp:attachment":[{"href":"https:\/\/linitiative.ca\/International\/wp-json\/wp\/v2\/media?parent=141328"}],"wp:term":[{"taxonomy":"category","embeddable":true,"href":"https:\/\/linitiative.ca\/International\/wp-json\/wp\/v2\/categories?post=141328"},{"taxonomy":"post_tag","embeddable":true,"href":"https:\/\/linitiative.ca\/International\/wp-json\/wp\/v2\/tags?post=141328"}],"curies":[{"name":"wp","href":"https:\/\/api.w.org\/{rel}","templated":true}]}}