{"id":141331,"date":"2022-02-20T17:09:48","date_gmt":"2022-02-20T22:09:48","guid":{"rendered":"https:\/\/linitiative.ca\/International\/tunisie-foued-slama-largent-pille-du-peuple-tunisien-na-pas-ete-restituee-pour-ces-raisons\/"},"modified":"2022-02-20T17:09:48","modified_gmt":"2022-02-20T22:09:48","slug":"tunisie-foued-slama-largent-pille-du-peuple-tunisien-na-pas-ete-restituee-pour-ces-raisons","status":"publish","type":"post","link":"https:\/\/linitiative.ca\/International\/tunisie-foued-slama-largent-pille-du-peuple-tunisien-na-pas-ete-restituee-pour-ces-raisons\/","title":{"rendered":"Tunisie-Foued Slama: \u00ab L\u2019argent pill\u00e9 du peuple tunisien n\u2019a pas \u00e9t\u00e9 restitu\u00e9e pour ces raisons \u00bb"},"content":{"rendered":"<div>\n<p>Un membre du bureau ex\u00e9cutif de la F\u00e9d\u00e9ration des conseillers du contentieux de l\u2019Etat, Foued Slama a confirm\u00e9 dans une d\u00e9claration accord\u00e9e \u00e0 une radio priv\u00e9e ce dimanche 20 f\u00e9vrier 2022, que l\u2019\u00e9chec du processus de restitution des fonds des tunisiens pill\u00e9es est d\u00fb \u00e0 l\u2019absence des moyens de travail et des garanties de la [\u2026]<\/p>\n<p>L\u2019article <a href=\"https:\/\/www.tunisienumerique.com\/tunisie-foued-slama-largent-pille-du-peuple-tunisien-na-pas-ete-restituee-pour-ces-raisons\/\">Tunisie-Foued Slama: \u00ab L\u2019argent pill\u00e9 du peuple tunisien n\u2019a pas \u00e9t\u00e9 restitu\u00e9e pour ces raisons \u00bb<\/a> est apparu en premier sur <a href=\"https:\/\/www.tunisienumerique.com\/\">Tunisie<\/a>.<\/p>\n<\/div>\n<p>Auteur: rania ben slimane<br \/>\n<a href=\"https:\/\/www.tunisienumerique.com\/tunisie-foued-slama-largent-pille-du-peuple-tunisien-na-pas-ete-restituee-pour-ces-raisons\/\">Cliquez ici pour lire l&rsquo;article depuis sa source.<\/a><\/p>\n","protected":false},"excerpt":{"rendered":"<p>Un membre du bureau ex\u00e9cutif de la F\u00e9d\u00e9ration des conseillers du contentieux de l\u2019Etat, Foued Slama a confirm\u00e9 dans une d\u00e9claration accord\u00e9e \u00e0 une radio priv\u00e9e ce dimanche 20 f\u00e9vrier 2022, que l\u2019\u00e9chec du processus de restitution des fonds des tunisiens pill\u00e9es est d\u00fb \u00e0 l\u2019absence des moyens de travail et des garanties de la [&hellip;]<\/p>\n","protected":false},"author":1789,"featured_media":0,"comment_status":"closed","ping_status":"closed","sticky":false,"template":"","format":"standard","meta":{"fifu_image_url":"","fifu_image_alt":"","footnotes":""},"categories":[73,55],"tags":[],"class_list":["post-141331","post","type-post","status-publish","format-standard","hentry","category-actualite","category-tunisie"],"_links":{"self":[{"href":"https:\/\/linitiative.ca\/International\/wp-json\/wp\/v2\/posts\/141331","targetHints":{"allow":["GET"]}}],"collection":[{"href":"https:\/\/linitiative.ca\/International\/wp-json\/wp\/v2\/posts"}],"about":[{"href":"https:\/\/linitiative.ca\/International\/wp-json\/wp\/v2\/types\/post"}],"author":[{"embeddable":true,"href":"https:\/\/linitiative.ca\/International\/wp-json\/wp\/v2\/users\/1789"}],"replies":[{"embeddable":true,"href":"https:\/\/linitiative.ca\/International\/wp-json\/wp\/v2\/comments?post=141331"}],"version-history":[{"count":0,"href":"https:\/\/linitiative.ca\/International\/wp-json\/wp\/v2\/posts\/141331\/revisions"}],"wp:attachment":[{"href":"https:\/\/linitiative.ca\/International\/wp-json\/wp\/v2\/media?parent=141331"}],"wp:term":[{"taxonomy":"category","embeddable":true,"href":"https:\/\/linitiative.ca\/International\/wp-json\/wp\/v2\/categories?post=141331"},{"taxonomy":"post_tag","embeddable":true,"href":"https:\/\/linitiative.ca\/International\/wp-json\/wp\/v2\/tags?post=141331"}],"curies":[{"name":"wp","href":"https:\/\/api.w.org\/{rel}","templated":true}]}}