{"id":141332,"date":"2022-02-20T13:48:10","date_gmt":"2022-02-20T18:48:10","guid":{"rendered":"https:\/\/linitiative.ca\/International\/tension-entre-paris-et-bamako-jusquou-ira-lescalade\/"},"modified":"2022-02-20T13:48:10","modified_gmt":"2022-02-20T18:48:10","slug":"tension-entre-paris-et-bamako-jusquou-ira-lescalade","status":"publish","type":"post","link":"https:\/\/linitiative.ca\/International\/tension-entre-paris-et-bamako-jusquou-ira-lescalade\/","title":{"rendered":"TENSION ENTRE PARIS ET BAMAKO : Jusqu\u2019o\u00f9 ira l\u2019escalade\u00a0?"},"content":{"rendered":"<div>\n<p><img decoding=\"async\" width=\"592\" height=\"296\" src=\"https:\/\/linitiative.ca\/International\/wp-content\/uploads\/sites\/23\/2022\/02\/TENSIONS.jpg\" class=\"attachment- size- wp-post-image\" alt=\"\" loading=\"lazy\" style=\"float:left; margin:0 15px 15px 0;\" srcset=\"https:\/\/linitiative.ca\/International\/wp-content\/uploads\/sites\/23\/2022\/02\/TENSIONS.jpg 592w, https:\/\/lepays.bf\/wp-content\/uploads\/2022\/02\/TENSIONS-300x150.jpg 300w\" sizes=\"auto, (max-width: 592px) 100vw, 592px\">Le 17 f\u00e9vrier dernier, le pr\u00e9sident Emmanuel Macron et ses partenaires ont annonc\u00e9 le retrait du Mali, des soldats des op\u00e9rations Barkhane et Takuba. Cet important chantier, a tenu \u00e0 pr\u00e9ciser le chef de l\u2019Etat fran\u00e7ais, durera de 4 \u00e0 6 mois. Comme l\u2019on pouvait [\u2026]<\/p>\n<p>L\u2019article <a rel=\"nofollow\" href=\"https:\/\/lepays.bf\/tension-entre-paris-et-bamako-jusquou-ira-lescalade\/\">TENSION ENTRE PARIS ET BAMAKO : Jusqu\u2019o\u00f9 ira l\u2019escalade\u00a0?<\/a> est apparu en premier sur <a rel=\"nofollow\" href=\"https:\/\/lepays.bf\/\">Editions Le Pays<\/a>.<\/p>\n<\/div>\n<p>Auteur: Editions LEPAYS<br \/>\n<a href=\"https:\/\/lepays.bf\/tension-entre-paris-et-bamako-jusquou-ira-lescalade\/\">Cliquez ici pour lire l&rsquo;article depuis sa source.<\/a><\/p>\n","protected":false},"excerpt":{"rendered":"<p>Le 17 f\u00e9vrier dernier, le pr\u00e9sident Emmanuel Macron et ses partenaires ont annonc\u00e9 le retrait du Mali, des soldats des op\u00e9rations Barkhane et Takuba. Cet important chantier, a tenu \u00e0 pr\u00e9ciser le chef de l\u2019Etat fran\u00e7ais, durera de 4 \u00e0 6 mois. Comme l\u2019on pouvait [\u2026] L\u2019article TENSION ENTRE PARIS ET BAMAKO : Jusqu\u2019o\u00f9 ira [&hellip;]<\/p>\n","protected":false},"author":1813,"featured_media":0,"comment_status":"closed","ping_status":"closed","sticky":false,"template":"","format":"standard","meta":{"fifu_image_url":"https:\/\/lepays.bf\/wp-content\/uploads\/2022\/02\/TENSIONS.jpg","fifu_image_alt":"TENSION ENTRE PARIS ET BAMAKO : Jusqu\u2019o\u00f9 ira l\u2019escalade\u00a0?","footnotes":""},"categories":[73,81],"tags":[],"class_list":["post-141332","post","type-post","status-publish","format-standard","hentry","category-actualite","category-burkina-faso"],"_links":{"self":[{"href":"https:\/\/linitiative.ca\/International\/wp-json\/wp\/v2\/posts\/141332","targetHints":{"allow":["GET"]}}],"collection":[{"href":"https:\/\/linitiative.ca\/International\/wp-json\/wp\/v2\/posts"}],"about":[{"href":"https:\/\/linitiative.ca\/International\/wp-json\/wp\/v2\/types\/post"}],"author":[{"embeddable":true,"href":"https:\/\/linitiative.ca\/International\/wp-json\/wp\/v2\/users\/1813"}],"replies":[{"embeddable":true,"href":"https:\/\/linitiative.ca\/International\/wp-json\/wp\/v2\/comments?post=141332"}],"version-history":[{"count":0,"href":"https:\/\/linitiative.ca\/International\/wp-json\/wp\/v2\/posts\/141332\/revisions"}],"wp:attachment":[{"href":"https:\/\/linitiative.ca\/International\/wp-json\/wp\/v2\/media?parent=141332"}],"wp:term":[{"taxonomy":"category","embeddable":true,"href":"https:\/\/linitiative.ca\/International\/wp-json\/wp\/v2\/categories?post=141332"},{"taxonomy":"post_tag","embeddable":true,"href":"https:\/\/linitiative.ca\/International\/wp-json\/wp\/v2\/tags?post=141332"}],"curies":[{"name":"wp","href":"https:\/\/api.w.org\/{rel}","templated":true}]}}