{"id":141336,"date":"2022-02-20T17:31:08","date_gmt":"2022-02-20T22:31:08","guid":{"rendered":"https:\/\/linitiative.ca\/International\/epidemie-de-grippe-aviaire-au-burkina-faso-la-region-des-hauts-bassins-epargnee-de-la-maladie\/"},"modified":"2022-02-20T17:31:08","modified_gmt":"2022-02-20T22:31:08","slug":"epidemie-de-grippe-aviaire-au-burkina-faso-la-region-des-hauts-bassins-epargnee-de-la-maladie","status":"publish","type":"post","link":"https:\/\/linitiative.ca\/International\/epidemie-de-grippe-aviaire-au-burkina-faso-la-region-des-hauts-bassins-epargnee-de-la-maladie\/","title":{"rendered":"Epid\u00e9mie de grippe aviaire au Burkina Faso, la r\u00e9gion des Hauts-Bassins \u00e9pargn\u00e9e de la maladie"},"content":{"rendered":"<div>\n<p><img decoding=\"async\" width=\"1137\" height=\"636\" src=\"https:\/\/linitiative.ca\/International\/wp-content\/uploads\/sites\/23\/2022\/02\/lepaysresponsive-11.png\" class=\"attachment-post-thumbnail default-featured-img\" alt=\"\" loading=\"lazy\" srcset=\"https:\/\/linitiative.ca\/International\/wp-content\/uploads\/sites\/23\/2022\/02\/lepaysresponsive-11.png 1137w, https:\/\/lepays.bf\/wp-content\/uploads\/2017\/07\/lepaysresponsive-300x168.png 300w, https:\/\/lepays.bf\/wp-content\/uploads\/2017\/07\/lepaysresponsive-768x430.png 768w, https:\/\/lepays.bf\/wp-content\/uploads\/2017\/07\/lepaysresponsive-1024x573.png 1024w\" sizes=\"auto, (max-width: 1137px) 100vw, 1137px\"><\/p>\n<p>L\u2019article <a rel=\"nofollow\" href=\"https:\/\/lepays.bf\/epidemie-de-grippe-aviaire-au-burkina-faso-la-region-des-hauts-bassins-epargnee-de-la-maladie\/\">Epid\u00e9mie de grippe aviaire au Burkina Faso, la r\u00e9gion des Hauts-Bassins \u00e9pargn\u00e9e de la maladie<\/a> est apparu en premier sur <a rel=\"nofollow\" href=\"https:\/\/lepays.bf\/\">Editions Le Pays<\/a>.<\/p>\n<\/div>\n<p>Auteur: Editions LEPAYS<br \/>\n<a href=\"https:\/\/lepays.bf\/epidemie-de-grippe-aviaire-au-burkina-faso-la-region-des-hauts-bassins-epargnee-de-la-maladie\/\">Cliquez ici pour lire l&rsquo;article depuis sa source.<\/a><\/p>\n","protected":false},"excerpt":{"rendered":"<p>L\u2019article Epid\u00e9mie de grippe aviaire au Burkina Faso, la r\u00e9gion des Hauts-Bassins \u00e9pargn\u00e9e de la maladie est apparu en premier sur Editions Le Pays. Auteur: Editions LEPAYS Cliquez ici pour lire l&rsquo;article depuis sa source.<\/p>\n","protected":false},"author":1813,"featured_media":0,"comment_status":"closed","ping_status":"closed","sticky":false,"template":"","format":"standard","meta":{"fifu_image_url":"https:\/\/lepays.bf\/wp-content\/uploads\/2017\/07\/lepaysresponsive.png","fifu_image_alt":"Epid\u00e9mie de grippe aviaire au Burkina Faso, la r\u00e9gion des Hauts-Bassins \u00e9pargn\u00e9e de la maladie","footnotes":""},"categories":[73,81],"tags":[],"class_list":["post-141336","post","type-post","status-publish","format-standard","hentry","category-actualite","category-burkina-faso"],"_links":{"self":[{"href":"https:\/\/linitiative.ca\/International\/wp-json\/wp\/v2\/posts\/141336","targetHints":{"allow":["GET"]}}],"collection":[{"href":"https:\/\/linitiative.ca\/International\/wp-json\/wp\/v2\/posts"}],"about":[{"href":"https:\/\/linitiative.ca\/International\/wp-json\/wp\/v2\/types\/post"}],"author":[{"embeddable":true,"href":"https:\/\/linitiative.ca\/International\/wp-json\/wp\/v2\/users\/1813"}],"replies":[{"embeddable":true,"href":"https:\/\/linitiative.ca\/International\/wp-json\/wp\/v2\/comments?post=141336"}],"version-history":[{"count":0,"href":"https:\/\/linitiative.ca\/International\/wp-json\/wp\/v2\/posts\/141336\/revisions"}],"wp:attachment":[{"href":"https:\/\/linitiative.ca\/International\/wp-json\/wp\/v2\/media?parent=141336"}],"wp:term":[{"taxonomy":"category","embeddable":true,"href":"https:\/\/linitiative.ca\/International\/wp-json\/wp\/v2\/categories?post=141336"},{"taxonomy":"post_tag","embeddable":true,"href":"https:\/\/linitiative.ca\/International\/wp-json\/wp\/v2\/tags?post=141336"}],"curies":[{"name":"wp","href":"https:\/\/api.w.org\/{rel}","templated":true}]}}