{"id":141339,"date":"2022-02-20T16:58:42","date_gmt":"2022-02-20T21:58:42","guid":{"rendered":"https:\/\/linitiative.ca\/International\/meeting-de-soutien-au-mpsr-des-osc-saluent-la-liberation-du-peuple\/"},"modified":"2022-02-20T16:58:42","modified_gmt":"2022-02-20T21:58:42","slug":"meeting-de-soutien-au-mpsr-des-osc-saluent-la-liberation-du-peuple","status":"publish","type":"post","link":"https:\/\/linitiative.ca\/International\/meeting-de-soutien-au-mpsr-des-osc-saluent-la-liberation-du-peuple\/","title":{"rendered":"Meeting de soutien au MPSR : Des OSC saluent la \u00ab lib\u00e9ration du peuple \u00bb"},"content":{"rendered":"<div>\n<p><strong>Le mouvement \u00ab Initiative citoyenne \u00bb a organis\u00e9, le samedi 19 f\u00e9vrier 2002 \u00e0 Ouagadougou, un grand meeting de soutien et d\u2019encouragement au Mouvement patriotique pour la sauvegarde et la restauration (MPSR) en vue d\u2019une s\u00e9curit\u00e9 recouvr\u00e9e au Burkina Faso. <\/strong><\/p>\n<p>Comme bon nombre d\u2019organisations de la soci\u00e9t\u00e9 civile et d\u2019associations, le mouve-ment \u00ab Initiative citoyenne \u00bb regroupant plusieurs associations a t\u00e9moign\u00e9 lors d\u2019un meeting, le samedi 19 f\u00e9vrier 2022 \u00e0 la place de la Nation, \u00e0 Ouagadougou, son soutien aux nouvelles autorit\u00e9s du pays. Il a, dans un \u00e9lan populaire, salu\u00e9 la bienvenue du Mouvement patriotique pour la sauvegarde et la restauration (MPSR).<\/p>\n<p>En effet, pour les organisateurs de l\u2019\u00e9v\u00e8ne-ment, le meeting s\u2019inscrit dans un seul et unique but, celui de lancer un appel \u00e0 l\u2019ensemble des Burkinab\u00e8 \u00e0 \u00ab parler le m\u00eame langage \u00bb, \u00e0 ne pas perdre de vue l\u2019int\u00e9r\u00eat sup\u00e9rieur de la Nation. Plusieurs militants ont r\u00e9pondu \u00e0 l\u2019appel du mouvement avec comme slogan principal : \u00ab Vive le MPSR pour que vive le Faso \u00bb.<\/p>\n<p>Pour l\u2019activiste Ana\u00efs Drabo, c\u2019est maintenant que la bataille commence et elle a exhort\u00e9 le peuple burkinab\u00e8 \u00e0 accompagner le MPSR qui porte d\u00e9sormais l\u2019espoir de tout le pays. \u00ab Il y a de nombreux d\u00e9fis \u00e0 relever dans ce pays. Pour r\u00e9ussir le pari, nous devons \u00eatre unis et pour avancer, nous devons parler Nation. L\u2019av\u00e8nement du MPSR, le 24 janvier, n\u2019est pas un coup d\u2019Etat, mais il s\u2019agit d\u2019une lib\u00e9ration du peuple \u00bb, a-t-elle d\u00e9clar\u00e9. \u00ab Mais les nouvelles autorit\u00e9s se doivent d\u2019avoir \u00e0 l\u2019esprit que le fauteuil pr\u00e9sidentiel appartient au peuple.<\/p>\n<p>Et ce peuple doit veiller \u00e0 ce que la transition se passe bien et selon sa convenance \u00bb, a clam\u00e9 Ana\u00efs Drabo, avant de plaider pour un traitement diligent du dossier des militaires et policiers radi\u00e9s sous le r\u00e9gime Compaor\u00e9. Elle a \u00e9galement souhait\u00e9 que la priorit\u00e9 du pr\u00e9sident Paul-Henri Sandaogo Damiba soit la r\u00e9cup\u00e9ration rapide des territoires burkinab\u00e8 sous influence terroriste.<\/p>\n<p>Comme elle, le porte-parole du mouvement \u00ab Sauvons le Burkina \u00bb, Valentin Yamkoudougou, pense que l\u2019intervention des militaires dans la gestion du pouvoir est une \u00ab lib\u00e9ration \u00bb, un \u00ab soulagement \u00bb du peuple vis-\u00e0-vis des maux qu\u2019il subissait que sont \u00ab la mal gouvernance, le vol des deniers publics, la gabegie, la corruption, l\u2019ins\u00e9curit\u00e9, etc. \u00bb Il a demand\u00e9 au MPSR de cr\u00e9er au plus vite une commission nationale de r\u00e9conciliation et de coh\u00e9sion sociale afin d\u2019organiser les populations autour d\u2019un id\u00e9al commun. Un autre intervenant, Abdoul Karim Bagayan dit \u2018\u2019 Lota \u2018\u2019 ,a invit\u00e9 les jeunes, les femmes et les commer\u00e7ants des march\u00e9s et yaars \u00e0 accompagner le MPSR.<\/p>\n<p>\u00ab Les sauveurs sont enfin l\u00e0 pour sortir le Burkina Faso des multiples probl\u00e8mes. Nous voulons \u00e9galement dire \u00e0 la communaut\u00e9 nationale et internationale que ce qui est arriv\u00e9 au Burkina Faso a \u00e9t\u00e9 voulu et souhait\u00e9 par le peuple souverain \u00bb, a-t-il dit. Et Adama Tiendr\u00e9b\u00e9ogo dit \u2018\u2019Colonel\u2019\u2019 d\u2019exhorter l\u2019ensemble des Burkinab\u00e8 \u00e0 \u00eatre des acteurs de lutte et de d\u00e9fense de l\u2019int\u00e9grit\u00e9 du territoire national. \u00ab Nous voulons aussi qu\u2019il soit permis au Burkina Faso de diversifier ses accords de partenariat afin de mieux \u00e9crire son histoire et pr\u00e9parer son d\u00e9veloppement \u00bb, a lanc\u00e9 \u2018\u2019 Colonel \u2018\u2019.<\/p>\n<p style=\"text-align: right\"><strong>Wanl\u00e9 G\u00e9rard COULIBALY <\/strong><\/p>\n<p>L\u2019article <a rel=\"nofollow\" href=\"https:\/\/www.sidwaya.info\/blog\/2022\/02\/20\/meeting-de-soutien-au-mpsr-des-osc-saluent-la-liberation-du-peuple\/\">Meeting de soutien au MPSR : Des OSC saluent la \u00ab lib\u00e9ration du peuple \u00bb<\/a> est apparu en premier sur <a rel=\"nofollow\" href=\"https:\/\/www.sidwaya.info\/\">Quotidien Sidwaya<\/a>.<\/p>\n<\/div>\n<p>Auteur: JK. Sidwaya<br \/>\n<a href=\"https:\/\/www.sidwaya.info\/blog\/2022\/02\/20\/meeting-de-soutien-au-mpsr-des-osc-saluent-la-liberation-du-peuple\/?utm_source=rss&#038;utm_medium=rss&#038;utm_campaign=meeting-de-soutien-au-mpsr-des-osc-saluent-la-liberation-du-peuple\">Cliquez ici pour lire l&rsquo;article depuis sa source.<\/a><\/p>\n","protected":false},"excerpt":{"rendered":"<p>Le mouvement \u00ab Initiative citoyenne \u00bb a organis\u00e9, le samedi 19 f\u00e9vrier 2002 \u00e0 Ouagadougou, un grand meeting de soutien et d\u2019encouragement au Mouvement patriotique pour la sauvegarde et la restauration (MPSR) en vue d\u2019une s\u00e9curit\u00e9 recouvr\u00e9e au Burkina Faso. Comme bon nombre d\u2019organisations de la soci\u00e9t\u00e9 civile et d\u2019associations, le mouve-ment \u00ab Initiative citoyenne [&hellip;]<\/p>\n","protected":false},"author":1816,"featured_media":0,"comment_status":"closed","ping_status":"closed","sticky":false,"template":"","format":"standard","meta":{"fifu_image_url":"","fifu_image_alt":"","footnotes":""},"categories":[73,81],"tags":[],"class_list":["post-141339","post","type-post","status-publish","format-standard","hentry","category-actualite","category-burkina-faso"],"_links":{"self":[{"href":"https:\/\/linitiative.ca\/International\/wp-json\/wp\/v2\/posts\/141339","targetHints":{"allow":["GET"]}}],"collection":[{"href":"https:\/\/linitiative.ca\/International\/wp-json\/wp\/v2\/posts"}],"about":[{"href":"https:\/\/linitiative.ca\/International\/wp-json\/wp\/v2\/types\/post"}],"author":[{"embeddable":true,"href":"https:\/\/linitiative.ca\/International\/wp-json\/wp\/v2\/users\/1816"}],"replies":[{"embeddable":true,"href":"https:\/\/linitiative.ca\/International\/wp-json\/wp\/v2\/comments?post=141339"}],"version-history":[{"count":0,"href":"https:\/\/linitiative.ca\/International\/wp-json\/wp\/v2\/posts\/141339\/revisions"}],"wp:attachment":[{"href":"https:\/\/linitiative.ca\/International\/wp-json\/wp\/v2\/media?parent=141339"}],"wp:term":[{"taxonomy":"category","embeddable":true,"href":"https:\/\/linitiative.ca\/International\/wp-json\/wp\/v2\/categories?post=141339"},{"taxonomy":"post_tag","embeddable":true,"href":"https:\/\/linitiative.ca\/International\/wp-json\/wp\/v2\/tags?post=141339"}],"curies":[{"name":"wp","href":"https:\/\/api.w.org\/{rel}","templated":true}]}}