{"id":141341,"date":"2022-02-20T17:30:09","date_gmt":"2022-02-20T22:30:09","guid":{"rendered":"https:\/\/linitiative.ca\/International\/dramane-gamane-directeur-regional-en-charge-des-transports-des-hauts-bassins-la-perturbation-de-letablissement-des-titres-de-transport-est-due-a-la-fin-du-contrat-avec-megamonde\/"},"modified":"2022-02-20T17:30:09","modified_gmt":"2022-02-20T22:30:09","slug":"dramane-gamane-directeur-regional-en-charge-des-transports-des-hauts-bassins-la-perturbation-de-letablissement-des-titres-de-transport-est-due-a-la-fin-du-contrat-avec-megamonde","status":"publish","type":"post","link":"https:\/\/linitiative.ca\/International\/dramane-gamane-directeur-regional-en-charge-des-transports-des-hauts-bassins-la-perturbation-de-letablissement-des-titres-de-transport-est-due-a-la-fin-du-contrat-avec-megamonde\/","title":{"rendered":"Dramane Gaman\u00e9, directeur r\u00e9gional en charge  des transports des Hauts-Bassins : \u00ab La perturbation de l\u2019\u00e9tablissement des titres de transport est due \u00e0 la fin du contrat avec M\u00e9gamonde \u00bb"},"content":{"rendered":"<div>\n<p><strong>La production d\u2019un certain nombre de titres de transport tels que les cartes grises et les permis de conduire connaissent une perturbation \u00e0 Bobo-Dioulasso. Dans un entretien accord\u00e9 \u00e0 Sidwaya, le vendredi 18 f\u00e9vrier 2022, le directeur r\u00e9gional des transports, de la mobilit\u00e9 urbaine et de la s\u00e9curit\u00e9 routi\u00e8re des Hauts-Bassins, Dramane Gaman\u00e9, explique la situation par l\u2019arriv\u00e9e \u00e0 terme du contrat entre son minist\u00e8re et la soci\u00e9t\u00e9 Id\u00e9mia, repr\u00e9sent\u00e9e par M\u00e9gamonde. <\/strong><\/p>\n<p>Le processus d\u2019\u00e9tablissement des nouvelles cartes grises et de permis de conduire se poursuit \u00e0 la Direction r\u00e9gionale des Transports, de la Mobilit\u00e9 urbaine et de la S\u00e9curit\u00e9 routi\u00e8re des Hauts-Bassins. C\u2019est en ces termes qu\u2019a rassur\u00e9 le directeur r\u00e9gional, Dramane Gaman\u00e9, m\u00eame s\u2019il a reconnu que le processus connait des perturbations qui remontent au mois de janvier 2022. Cette situation, a-t-il expliqu\u00e9, est due \u00e0 la fin du contrat, en d\u00e9cembre 2021, entre le minist\u00e8re en charge des transports et la soci\u00e9t\u00e9 Id\u00e9mia qui est repr\u00e9sent\u00e9e par \u00ab M\u00e9gamonde \u00bb.<\/p>\n<p>Ce partenariat, \u00e0 l\u2019\u00e9couter, rentrait dans le cadre du projet de s\u00e9curisation des titres de transport. Le partenaire assuraient donc la connexion par internet, entre les diff\u00e9rentes r\u00e9gions et Ouagadougou. Malgr\u00e9 la fin du contrat en d\u00e9cembre 2021, l\u2019Etat burkinab\u00e8 et ledit partenaire s\u2019\u00e9tait convenus sur la signature d\u2019un avenant qui devrait courir jusqu\u2019en avril 2022, le temps que l\u2019Etat reprenne en main le syst\u00e8me, aux dires de Dramane Gaman\u00e9. Selon lui, les \u00e9v\u00e8nements du 24 janvier 2022, avec la prise du pouvoir par le Mouvement patriotique pour la sauvegarde et la restauration (MPSR), seraient \u00e0 l\u2019origine de cette rupture avec \u00ab M\u00e9gamonde \u00bb.<\/p>\n<p>\u00ab Le non-aboutissement de la signature de l\u2019avenant a amen\u00e9 M\u00e9gamonde \u00e0 reconsid\u00e9rer sa d\u00e9cision \u00bb, a laiss\u00e9 entendre M. Ganam\u00e9. A en croire le directeur r\u00e9gional en charge des transports des Hauts-Bassins, le processus d\u2019\u00e9tablissement de ces titres de transport continue, mais connait des lenteurs. \u00ab Pr\u00e9sentement \u00e0 Bobo-Dioulasso, nous ne pouvons plus produire. Nous sommes oblig\u00e9s de regrouper les dossiers que nous acheminons jusqu\u2019\u00e0 Ouagadougou afin de pouvoir les tirer en attendant que la situation ne revienne \u00e0 la normale.<\/p>\n<p>Seul le syst\u00e8me de Ouagadougou est toujours fonctionnel \u00bb, a fait comprendre le 1er responsable des transports des Hauts-Bassins. Et de poursuivre que seul Ouagadougou n\u2019a pas besoin de connexion pour produire. Par ailleurs, le centre de Bobo-Dioulasso assurait la production des nouvelles cartes grises et permis de conduire de toutes les r\u00e9gions de l\u2019Ouest, \u00e0 savoir les Cascades, la Boucle du Mouhoun et le Sud-Ouest.<\/p>\n<p style=\"text-align: right\"><strong>Alpha S\u00e9kou BARRY <\/strong><\/p>\n<p style=\"text-align: right\"><strong>Sosth\u00e8ne SOMBIE<\/strong> (Stagiaire)<\/p>\n<p>L\u2019article <a rel=\"nofollow\" href=\"https:\/\/www.sidwaya.info\/blog\/2022\/02\/20\/dramane-gamane-directeur-regional-en-charge-des-transports-des-hauts-bassins-la-perturbation-de-letablissement-des-titres-de-transport-est-due-a-la-fin-du-contrat-avec-megamonde\/\">Dramane Gaman\u00e9, directeur r\u00e9gional en charge  des transports des Hauts-Bassins : \u00ab La perturbation de l\u2019\u00e9tablissement des titres de transport est due \u00e0 la fin du contrat avec M\u00e9gamonde \u00bb<\/a> est apparu en premier sur <a rel=\"nofollow\" href=\"https:\/\/www.sidwaya.info\/\">Quotidien Sidwaya<\/a>.<\/p>\n<\/div>\n<p>Auteur: JK. Sidwaya<br \/>\n<a href=\"https:\/\/www.sidwaya.info\/blog\/2022\/02\/20\/dramane-gamane-directeur-regional-en-charge-des-transports-des-hauts-bassins-la-perturbation-de-letablissement-des-titres-de-transport-est-due-a-la-fin-du-contrat-avec-megamonde\/?utm_source=rss&#038;utm_medium=rss&#038;utm_campaign=dramane-gamane-directeur-regional-en-charge-des-transports-des-hauts-bassins-la-perturbation-de-letablissement-des-titres-de-transport-est-due-a-la-fin-du-contrat-avec-megamonde\">Cliquez ici pour lire l&rsquo;article depuis sa source.<\/a><\/p>\n","protected":false},"excerpt":{"rendered":"<p>La production d\u2019un certain nombre de titres de transport tels que les cartes grises et les permis de conduire connaissent une perturbation \u00e0 Bobo-Dioulasso. Dans un entretien accord\u00e9 \u00e0 Sidwaya, le vendredi 18 f\u00e9vrier 2022, le directeur r\u00e9gional des transports, de la mobilit\u00e9 urbaine et de la s\u00e9curit\u00e9 routi\u00e8re des Hauts-Bassins, Dramane Gaman\u00e9, explique la [&hellip;]<\/p>\n","protected":false},"author":1816,"featured_media":0,"comment_status":"closed","ping_status":"closed","sticky":false,"template":"","format":"standard","meta":{"fifu_image_url":"","fifu_image_alt":"","footnotes":""},"categories":[73,81],"tags":[],"class_list":["post-141341","post","type-post","status-publish","format-standard","hentry","category-actualite","category-burkina-faso"],"_links":{"self":[{"href":"https:\/\/linitiative.ca\/International\/wp-json\/wp\/v2\/posts\/141341","targetHints":{"allow":["GET"]}}],"collection":[{"href":"https:\/\/linitiative.ca\/International\/wp-json\/wp\/v2\/posts"}],"about":[{"href":"https:\/\/linitiative.ca\/International\/wp-json\/wp\/v2\/types\/post"}],"author":[{"embeddable":true,"href":"https:\/\/linitiative.ca\/International\/wp-json\/wp\/v2\/users\/1816"}],"replies":[{"embeddable":true,"href":"https:\/\/linitiative.ca\/International\/wp-json\/wp\/v2\/comments?post=141341"}],"version-history":[{"count":0,"href":"https:\/\/linitiative.ca\/International\/wp-json\/wp\/v2\/posts\/141341\/revisions"}],"wp:attachment":[{"href":"https:\/\/linitiative.ca\/International\/wp-json\/wp\/v2\/media?parent=141341"}],"wp:term":[{"taxonomy":"category","embeddable":true,"href":"https:\/\/linitiative.ca\/International\/wp-json\/wp\/v2\/categories?post=141341"},{"taxonomy":"post_tag","embeddable":true,"href":"https:\/\/linitiative.ca\/International\/wp-json\/wp\/v2\/tags?post=141341"}],"curies":[{"name":"wp","href":"https:\/\/api.w.org\/{rel}","templated":true}]}}