{"id":141342,"date":"2022-02-20T09:14:39","date_gmt":"2022-02-20T14:14:39","guid":{"rendered":"https:\/\/linitiative.ca\/International\/le-changement-climatique-et-la-securite-alimentaire-preoccupent-le-groupe-uba\/"},"modified":"2022-02-20T09:14:39","modified_gmt":"2022-02-20T14:14:39","slug":"le-changement-climatique-et-la-securite-alimentaire-preoccupent-le-groupe-uba","status":"publish","type":"post","link":"https:\/\/linitiative.ca\/International\/le-changement-climatique-et-la-securite-alimentaire-preoccupent-le-groupe-uba\/","title":{"rendered":"Le changement climatique et\u00a0la s\u00e9curit\u00e9 alimentaire pr\u00e9occupent le groupe UBA"},"content":{"rendered":"<div>\n<p>Du 12 au 13 f\u00e9vrier dernier, s\u2019est tenue \u00e0 Abuja au Nigeria, l\u2019\u00e9dition 2022 du Forum du Pr\u00e9sident du Conseil d\u2019administration du Groupe United Bank for Africa (UBA), organis\u00e9 par Tony Elumelu pr\u00e9sident du conseil d\u2019administration de UBA group.<\/p>\n<p>\u00a0Le Forum qui est une session annuelle interactive de partage de connaissances et d\u2019exp\u00e9riences a r\u00e9uni les membres des conseils d\u2019administration du groupe et les filiales de la Banque, ainsi que les Comit\u00e9s de Direction en Afrique et dans le monde, dans une perspective de renforcement de la vision de la Banque et de formulation d\u2019id\u00e9es en faveur du progr\u00e8s \u00e9conomique en Afrique. La filiale Camerounaise du groupe y \u00e9tait repr\u00e9sent\u00e9e par Ebenezer Essoka, Pr\u00e9sident du Conseil d\u2019administration, et Jude ANELE, Administrateur Directeur G\u00e9n\u00e9ral.<\/p>\n<p><strong>Lire aussi :<\/strong> <strong><a href=\"https:\/\/ecomatin.net\/le-groupe-uba-realise-des-benefices-de-43-milliards-au-premier-trimestre-2021\/\">Le groupe UBA r\u00e9alise des b\u00e9n\u00e9fices de 43 milliards au premier trimestre 2021<\/a><\/strong><\/p>\n<p>\u00a0Plusieurs questions d\u2019actualit\u00e9s \u00e9taient \u00e0 l\u2019ordre du jour de cette rencontre\u00a0: \u00ab\u00a0la Digitalisation et changement climatique\u00a0: enjeux majeurs pour le d\u00e9veloppement \u00e9conomique de l\u2019Afrique\u00a0\u00bb,\u00a0\u00ab\u00a0la synergie entre les banques centrales et les institutions financi\u00e8res comme solution \u00e0 la s\u00e9curit\u00e9 alimentaire et la cr\u00e9ation d\u2019emplois \u00bb. Dans son allocution de circonstance, le PCA du groupe UBA Tony Elumelu fait savoir que \u00abchez UBA, notre engagement en mati\u00e8re d\u2019ESG et de transition \u00e9nerg\u00e9tique fait notre fiert\u00e9, mais en tant qu\u2019africains, nous sommes convaincus que cela doit se faire de fa\u00e7on disciplin\u00e9e, d\u2019autant plus que les \u00e9missions de carbone en Afrique sont en de\u00e7\u00e0 de 2\u00a0%\u00bb.<\/p>\n<p>Prenant la parole lors du forum, Ebenezer Essoka, Pr\u00e9sident du Conseil d\u2019administration d\u2019UBA Cameroun\u00a0s\u2019est exprim\u00e9 sur le r\u00f4le des banques et des autres institutions financi\u00e8res dans l\u2019\u00e9conomie, en particulier sur un continent aussi riche et vaste que l\u2019Afrique.\u00a0Citant ainsi les donn\u00e9es r\u00e9centes de l\u2019Organisation des Nations Unies pour l\u2019alimentation et l\u2019agriculture (FAO), il a d\u00e9clar\u00e9 que \u00ab\u00a0les questions de cr\u00e9ation d\u2019emplois et de s\u00e9curit\u00e9 alimentaire doivent \u00eatre clairement adress\u00e9es\u00a0\u00bb. Ajoutant que \u00ab\u00a0les banques centrales et les syst\u00e8mes financiers ont un r\u00f4le d\u00e9terminant \u00e0 jouer dans la formulation de solutions aux probl\u00e8mes de s\u00e9curit\u00e9 alimentaire et de cr\u00e9ation d\u2019emplois sur notre continent\u00bb.<\/p>\n<p><strong>Lire aussi :<\/strong> <strong><a href=\"https:\/\/ecomatin.net\/uba-cameroon-offre-ses-services-numeriques-a-luniversite-de-douala\/\">UBA Cameroon offre ses services num\u00e9riques \u00e0 l\u2019Universit\u00e9 de Douala<\/a><\/strong><\/p>\n<p>Rappelons au passage que l\u2019institution financi\u00e8re panafricaine, s\u2019est illustr\u00e9e par des performances reluisantes au fils des ann\u00e9es. Le groupe a r\u00e9alis\u00e9 des b\u00e9n\u00e9fices de 43 milliards au premier trimestre 2021.<\/p>\n<p>L\u2019article <a rel=\"nofollow\" href=\"https:\/\/ecomatin.net\/le-changement-climatique-et-la-securite-alimentaire-preoccupent-le-groupe-uba\/\">Le changement climatique et\u00a0la s\u00e9curit\u00e9 alimentaire pr\u00e9occupent le groupe UBA<\/a> est apparu en premier sur <a rel=\"nofollow\" href=\"https:\/\/ecomatin.net\/\">EcoMatin<\/a>.<\/p>\n<\/div>\n<p>Auteur: Amina MALLOUM<br \/>\n<a href=\"https:\/\/ecomatin.net\/le-changement-climatique-et-la-securite-alimentaire-preoccupent-le-groupe-uba\/\">Cliquez ici pour lire l&rsquo;article depuis sa source.<\/a><\/p>\n","protected":false},"excerpt":{"rendered":"<p>Du 12 au 13 f\u00e9vrier dernier, s\u2019est tenue \u00e0 Abuja au Nigeria, l\u2019\u00e9dition 2022 du Forum du Pr\u00e9sident du Conseil d\u2019administration du Groupe United Bank for Africa (UBA), organis\u00e9 par Tony Elumelu pr\u00e9sident du conseil d\u2019administration de UBA group. \u00a0Le Forum qui est une session annuelle interactive de partage de connaissances et d\u2019exp\u00e9riences a r\u00e9uni [&hellip;]<\/p>\n","protected":false},"author":1969,"featured_media":0,"comment_status":"closed","ping_status":"closed","sticky":false,"template":"","format":"standard","meta":{"fifu_image_url":"","fifu_image_alt":"","footnotes":""},"categories":[82,78],"tags":[],"class_list":["post-141342","post","type-post","status-publish","format-standard","hentry","category-cameroun","category-economie"],"_links":{"self":[{"href":"https:\/\/linitiative.ca\/International\/wp-json\/wp\/v2\/posts\/141342","targetHints":{"allow":["GET"]}}],"collection":[{"href":"https:\/\/linitiative.ca\/International\/wp-json\/wp\/v2\/posts"}],"about":[{"href":"https:\/\/linitiative.ca\/International\/wp-json\/wp\/v2\/types\/post"}],"author":[{"embeddable":true,"href":"https:\/\/linitiative.ca\/International\/wp-json\/wp\/v2\/users\/1969"}],"replies":[{"embeddable":true,"href":"https:\/\/linitiative.ca\/International\/wp-json\/wp\/v2\/comments?post=141342"}],"version-history":[{"count":0,"href":"https:\/\/linitiative.ca\/International\/wp-json\/wp\/v2\/posts\/141342\/revisions"}],"wp:attachment":[{"href":"https:\/\/linitiative.ca\/International\/wp-json\/wp\/v2\/media?parent=141342"}],"wp:term":[{"taxonomy":"category","embeddable":true,"href":"https:\/\/linitiative.ca\/International\/wp-json\/wp\/v2\/categories?post=141342"},{"taxonomy":"post_tag","embeddable":true,"href":"https:\/\/linitiative.ca\/International\/wp-json\/wp\/v2\/tags?post=141342"}],"curies":[{"name":"wp","href":"https:\/\/api.w.org\/{rel}","templated":true}]}}