{"id":141343,"date":"2022-02-20T11:34:28","date_gmt":"2022-02-20T16:34:28","guid":{"rendered":"https:\/\/linitiative.ca\/International\/le-minepat-vulgarise-le-contrat-plan-etat-commune-aupres-des-elus-de-louest-et-du-nord-ouest\/"},"modified":"2022-02-20T11:34:28","modified_gmt":"2022-02-20T16:34:28","slug":"le-minepat-vulgarise-le-contrat-plan-etat-commune-aupres-des-elus-de-louest-et-du-nord-ouest","status":"publish","type":"post","link":"https:\/\/linitiative.ca\/International\/le-minepat-vulgarise-le-contrat-plan-etat-commune-aupres-des-elus-de-louest-et-du-nord-ouest\/","title":{"rendered":"Le Minepat vulgarise le contrat plan Etat-commune aupr\u00e8s des \u00e9lus de l\u2019Ouest et du Nord-Ouest"},"content":{"rendered":"<div>\n<p>Le 18 f\u00e9vrier 2022, la ville de Bafoussam dans la r\u00e9gion de l\u2019Ouest, a accueilli un atelier d\u2019\u00e9changes interr\u00e9gional de vulgarisation du Contrat-plan Etat-communes, un outil de planification g\u00e9rer par le minist\u00e8re de l\u2019Economie de la planification et de l\u2019am\u00e9nagement du territoire (Minepat). L\u2019atelier qui a r\u00e9uni les administrateurs locaux des r\u00e9gions du Nord et du Nord-Ouest (s\u00e9lectionn\u00e9s sur la base du guichet de performances du Programme national de d\u00e9veloppement participatif PNDP), et les responsables du Minepat avait pour objectif de vulgariser cet outil de planification, cadre de collaboration entre l\u2019Etat et les communes pour la r\u00e9alisation des objectifs essentiellement adoss\u00e9s sur le plan communal de d\u00e9veloppement.<\/p>\n<p>Pour le Chef de la d\u00e9l\u00e9gation du Minepat, Mbessa Ayissi Esther, \u00e0 terme \u00ab\u00a0nous attendons des acteurs locaux, qu\u2019ils puissent s\u2019approprier cet outil, pour pouvoir aider le d\u00e9veloppement \u00e9conomique sur le plan local. Dans ce sens qu\u2019ils vont travailler \u00e0 mettre en place des projets d\u2019envergure, \u00e0 fort impact social, susceptible d\u2019am\u00e9liorer les conditions de vie des citoyens\u00a0\u00bb.<\/p>\n<p>Du c\u00f4t\u00e9 des \u00e9lus locaux, cet atelier va \u00ab\u00a0permettre aux acteurs que nous sommes d\u2019\u00eatre suffisamment outiller afin d\u2019\u00eatre vraiment op\u00e9rationnel sur le terrain\u00bb, a confi\u00e9 le 1<sup>er<\/sup>\u00a0adjoint pr\u00e9fectorale de la Mifi, Akono Lounou Franck Obain, pr\u00e9sident des travaux du jour.<\/p>\n<p>Il convient de rappeler que cette \u00e9tape de vulgarisation du le contrat plan Etat-commune est\u00a0\u00a0successive de la phase pilote d\u2019exp\u00e9rimentation avec la Commune de Lagdo, dans le d\u00e9partement de la B\u00e9nou\u00e9, r\u00e9gion du Nord. Il se mat\u00e9rialise ici par deux projets\u00a0: le projet d\u2019\u00e9lectrification de 16 localit\u00e9s, pour un montant de 1,7 milliard et le projet de r\u00e9habilitation de la voirie de la ville de Lagdo, \u00e0 hauteur de 3,400 milliards de Fcfa.\u00a0\u00a0<\/p>\n<p>L\u2019article <a rel=\"nofollow\" href=\"https:\/\/ecomatin.net\/le-minepat-vulgarise-le-contrat-plan-etat-commune-aupres-des-elus-de-louest-et-du-nord-ouest\/\">Le Minepat vulgarise le contrat plan Etat-commune aupr\u00e8s des \u00e9lus de l\u2019Ouest et du Nord-Ouest<\/a> est apparu en premier sur <a rel=\"nofollow\" href=\"https:\/\/ecomatin.net\/\">EcoMatin<\/a>.<\/p>\n<\/div>\n<p>Auteur: Cindy MBALA<br \/>\n<a href=\"https:\/\/ecomatin.net\/le-minepat-vulgarise-le-contrat-plan-etat-commune-aupres-des-elus-de-louest-et-du-nord-ouest\/\">Cliquez ici pour lire l&rsquo;article depuis sa source.<\/a><\/p>\n","protected":false},"excerpt":{"rendered":"<p>Le 18 f\u00e9vrier 2022, la ville de Bafoussam dans la r\u00e9gion de l\u2019Ouest, a accueilli un atelier d\u2019\u00e9changes interr\u00e9gional de vulgarisation du Contrat-plan Etat-communes, un outil de planification g\u00e9rer par le minist\u00e8re de l\u2019Economie de la planification et de l\u2019am\u00e9nagement du territoire (Minepat). L\u2019atelier qui a r\u00e9uni les administrateurs locaux des r\u00e9gions du Nord et [&hellip;]<\/p>\n","protected":false},"author":1969,"featured_media":0,"comment_status":"closed","ping_status":"closed","sticky":false,"template":"","format":"standard","meta":{"fifu_image_url":"","fifu_image_alt":"","footnotes":""},"categories":[82,78],"tags":[],"class_list":["post-141343","post","type-post","status-publish","format-standard","hentry","category-cameroun","category-economie"],"_links":{"self":[{"href":"https:\/\/linitiative.ca\/International\/wp-json\/wp\/v2\/posts\/141343","targetHints":{"allow":["GET"]}}],"collection":[{"href":"https:\/\/linitiative.ca\/International\/wp-json\/wp\/v2\/posts"}],"about":[{"href":"https:\/\/linitiative.ca\/International\/wp-json\/wp\/v2\/types\/post"}],"author":[{"embeddable":true,"href":"https:\/\/linitiative.ca\/International\/wp-json\/wp\/v2\/users\/1969"}],"replies":[{"embeddable":true,"href":"https:\/\/linitiative.ca\/International\/wp-json\/wp\/v2\/comments?post=141343"}],"version-history":[{"count":0,"href":"https:\/\/linitiative.ca\/International\/wp-json\/wp\/v2\/posts\/141343\/revisions"}],"wp:attachment":[{"href":"https:\/\/linitiative.ca\/International\/wp-json\/wp\/v2\/media?parent=141343"}],"wp:term":[{"taxonomy":"category","embeddable":true,"href":"https:\/\/linitiative.ca\/International\/wp-json\/wp\/v2\/categories?post=141343"},{"taxonomy":"post_tag","embeddable":true,"href":"https:\/\/linitiative.ca\/International\/wp-json\/wp\/v2\/tags?post=141343"}],"curies":[{"name":"wp","href":"https:\/\/api.w.org\/{rel}","templated":true}]}}