{"id":141346,"date":"2022-02-21T06:20:50","date_gmt":"2022-02-21T11:20:50","guid":{"rendered":"https:\/\/linitiative.ca\/International\/portrait-hommage-houcine-tallal-adieu-lartiste-aux-qualites-humaines-indeniables\/"},"modified":"2022-02-21T06:20:50","modified_gmt":"2022-02-21T11:20:50","slug":"portrait-hommage-houcine-tallal-adieu-lartiste-aux-qualites-humaines-indeniables","status":"publish","type":"post","link":"https:\/\/linitiative.ca\/International\/portrait-hommage-houcine-tallal-adieu-lartiste-aux-qualites-humaines-indeniables\/","title":{"rendered":"Portrait\/Hommage  : Houcine Tallal, adieu l\u2019artiste aux qualit\u00e9s  humaines ind\u00e9niables"},"content":{"rendered":"<div>\n<p><img loading=\"lazy\" decoding=\"async\" width=\"300\" height=\"153\" src=\"https:\/\/linitiative.ca\/International\/wp-content\/uploads\/sites\/23\/2022\/02\/Exposition-A-la-lumieCC80re-des-corps-Majida-Khattari-Tallal-Hucein-300x153-1.jpg\" class=\"attachment-medium size-medium wp-post-image\" alt=\"\" srcset=\"https:\/\/linitiative.ca\/International\/wp-content\/uploads\/sites\/23\/2022\/02\/Exposition-A-la-lumieCC80re-des-corps-Majida-Khattari-Tallal-Hucein-300x153-1.jpg 300w, https:\/\/aujourdhui.ma\/wp-content\/uploads\/2019\/09\/Exposition-A-la-lumie\u0300re-des-corps-Majida-Khattari-Tallal-Hucein.jpg 746w\" sizes=\"auto, (max-width: 300px) 100vw, 300px\"><\/p>\n<p><strong><span style=\"color: #800000;\">Il est consid\u00e9r\u00e9 comme l\u2019un des symboles de l\u2019art marocain contemporain comme en t\u00e9moignent de nombreuses \u00e9tudes et articles critiques qui traitaient de<\/span> son exp\u00e9rience artistique et c\u00e9l\u00e9braient son parcours.<\/strong><span id=\"more-400375\"><\/span><\/p>\n<p>Le monde de l\u2019art est en deuil. Le v\u00e9t\u00e9ran Houcine Tallal, le fils de la l\u00e9gendaire Chaibia, s\u2019est \u00e9teint samedi \u00e0 Casablanca, \u00e0 l\u2019\u00e2ge de 80 ans. Depuis l\u2019annonce de la triste nouvelle, artistes, galeristes et professionnels de l\u2019art pleurent la perte de ce grand nom majeur de l\u2019art plastique au Maroc et \u00e0 l\u2019\u00e9tranger. Ils ont livr\u00e9 des t\u00e9moignages \u00e9mouvants sur son art et ses qualit\u00e9s humaines.<br \/>\nSon ami artiste et galeriste Youssef Douieb qui l\u2019a c\u00f4toy\u00e9 de pr\u00e8s s\u2019est montr\u00e9 particuli\u00e8rement attrist\u00e9. Il atteste en effet que la disparition de Houcine Tallal est \u00abune grosse perte pour le monde de l\u2019art au Maroc et surtout une perte humaine. Il fut d\u2019un paternalisme sans faille. Dans mon cas, non seulement, en tant que galeriste et artiste, il nous honorait syst\u00e9matiquement de sa pr\u00e9cieuse pr\u00e9sence et sa collaboration\u00bb. Et d\u2019indiquer \u00abses qualit\u00e9s humaines ind\u00e9niables connues pour tous. Il \u00e9tait tr\u00e8s g\u00e9n\u00e9reux et avait un grand c\u0153ur. Ce grand artiste s\u2019est \u00e9clips\u00e9 pour laisser briller le travail de sa m\u00e8re. Tallal vivait par sa m\u00e8re et vivait pour sa m\u00e8re\u00bb.<\/p>\n<p>Le galeriste et fondateur de la Compagnie marocaine des \u0153uvres d\u2019art, Hicham Daoudi, a \u00e9galement rendu hommage \u00e0 Tallal. Sur sa page officielle Facebook, il a \u00e9crit \u00abAdieu mon vieil ami Houcine. Tu \u00e9tais vraiment un homme de bien, et c\u2019est important de le souligner ici. L\u2019histoire a commenc\u00e9 \u00e0 revisiter ton travail et elle ne tardera pas \u00e0 comprendre ta r\u00e9elle place dans la modernit\u00e9 artistique marocaine. Tu avais tr\u00e8s t\u00f4t \u00abinvent\u00e9\u00bb une autre fa\u00e7on de concevoir la peinture figurative et tu as r\u00e9sist\u00e9 \u00e0 l\u2019appel d\u2019une parole abstraite unique quand il \u00e9tait plus facile de se jeter dans l\u2019id\u00e9ologie abstraite\u00bb.<\/p>\n<p>Il faut dire que Houcine Tallal a commenc\u00e9 \u00e0 peindre avant sa m\u00e8re, l\u2019immense Chaibia. Grande figure de la peinture marocaine contemporaine, les al\u00e9as du destin l\u2019ont install\u00e9 \u00e0 l\u2019ombre de la stature d\u00e9vorante d\u2019une m\u00e8re immens\u00e9ment c\u00e9l\u00e8bre. C\u2019est pourtant un peintre accompli par la touche, le travail, plastique, la facture mais aussi la pertinence du regard et la signification qui se d\u00e9gage de ses \u0153uvres, comme le qualifie la Fondation nationale des mus\u00e9es. Il est consid\u00e9r\u00e9 comme l\u2019un des symboles de l\u2019art marocain contemporain comme en t\u00e9moignent de nombreuses \u00e9tudes et articles critiques qui traitaient de son exp\u00e9rience artistique et c\u00e9l\u00e9braient son parcours.<\/p>\n<p>Traversant diverses p\u00e9riodes cr\u00e9atives et usant aussi bien de la peinture que du dessin. Il a toujours \u00e9t\u00e9 int\u00e9ress\u00e9 par les personnages de cirque, les troubadours et les marginaux, comme s\u2019il ressentait une profonde similitude entre leur condition et celle des artistes peintres. Il a peint des personnages de cirques, des clowns avec des couleurs vives, accentuant la lourde tristesse de leurs visages. Sa d\u00e9marche a \u00e9volu\u00e9 par la suite vers une repr\u00e9sentation, en noir et blanc, d\u2019enfants aux corps et aux visages contorsionn\u00e9s. L\u2019aspect lac\u00e9r\u00e9, voire tortur\u00e9, de certains de ses personnages. Le d\u00e9funt a particip\u00e9 \u00e0 de nombreuses expositions \u00e0 travers le monde. Depuis 1967, il a expos\u00e9 \u00e0 la galerie la Roue \u00e0 Paris et au Salon de Mai au Mus\u00e9e d\u2019Arts Modernes de Paris en 1974. Il compte \u00e0 son actif plusieurs expositions, notamment en Espagne, au Danemark, en Am\u00e9rique et en \u00c9gypte.<\/p>\n<\/div>\n<p>Auteur: Siham Jadraoui<br \/>\n<a href=\"https:\/\/aujourdhui.ma\/culture\/portrait-hommage-houcine-tallal-adieu-lartiste-aux-qualites-humaines-indeniables\">Cliquez ici pour lire l&rsquo;article depuis sa source.<\/a><\/p>\n","protected":false},"excerpt":{"rendered":"<p>Il est consid\u00e9r\u00e9 comme l\u2019un des symboles de l\u2019art marocain contemporain comme en t\u00e9moignent de nombreuses \u00e9tudes et articles critiques qui traitaient de son exp\u00e9rience artistique et c\u00e9l\u00e9braient son parcours. Le monde de l\u2019art est en deuil. Le v\u00e9t\u00e9ran Houcine Tallal, le fils de la l\u00e9gendaire Chaibia, s\u2019est \u00e9teint samedi \u00e0 Casablanca, \u00e0 l\u2019\u00e2ge de [&hellip;]<\/p>\n","protected":false},"author":1759,"featured_media":0,"comment_status":"closed","ping_status":"closed","sticky":false,"template":"","format":"standard","meta":{"fifu_image_url":"https:\/\/aujourdhui.ma\/wp-content\/uploads\/2019\/09\/Exposition-A-la-lumie\u0300re-des-corps-Majida-Khattari-Tallal-Hucein-300x153.jpg","fifu_image_alt":"Portrait\/Hommage  : Houcine Tallal, adieu l\u2019artiste aux qualit\u00e9s  humaines ind\u00e9niables","footnotes":""},"categories":[73,54],"tags":[],"class_list":["post-141346","post","type-post","status-publish","format-standard","hentry","category-actualite","category-maroc"],"_links":{"self":[{"href":"https:\/\/linitiative.ca\/International\/wp-json\/wp\/v2\/posts\/141346","targetHints":{"allow":["GET"]}}],"collection":[{"href":"https:\/\/linitiative.ca\/International\/wp-json\/wp\/v2\/posts"}],"about":[{"href":"https:\/\/linitiative.ca\/International\/wp-json\/wp\/v2\/types\/post"}],"author":[{"embeddable":true,"href":"https:\/\/linitiative.ca\/International\/wp-json\/wp\/v2\/users\/1759"}],"replies":[{"embeddable":true,"href":"https:\/\/linitiative.ca\/International\/wp-json\/wp\/v2\/comments?post=141346"}],"version-history":[{"count":0,"href":"https:\/\/linitiative.ca\/International\/wp-json\/wp\/v2\/posts\/141346\/revisions"}],"wp:attachment":[{"href":"https:\/\/linitiative.ca\/International\/wp-json\/wp\/v2\/media?parent=141346"}],"wp:term":[{"taxonomy":"category","embeddable":true,"href":"https:\/\/linitiative.ca\/International\/wp-json\/wp\/v2\/categories?post=141346"},{"taxonomy":"post_tag","embeddable":true,"href":"https:\/\/linitiative.ca\/International\/wp-json\/wp\/v2\/tags?post=141346"}],"curies":[{"name":"wp","href":"https:\/\/api.w.org\/{rel}","templated":true}]}}