{"id":141348,"date":"2022-02-21T07:45:36","date_gmt":"2022-02-21T12:45:36","guid":{"rendered":"https:\/\/linitiative.ca\/International\/metiers-du-btp-nouvelle-installation-industrielle-de-menara-prefa-a-khouribga\/"},"modified":"2022-02-21T07:45:36","modified_gmt":"2022-02-21T12:45:36","slug":"metiers-du-btp-nouvelle-installation-industrielle-de-menara-prefa-a-khouribga","status":"publish","type":"post","link":"https:\/\/linitiative.ca\/International\/metiers-du-btp-nouvelle-installation-industrielle-de-menara-prefa-a-khouribga\/","title":{"rendered":"M\u00e9tiers du BTP : Nouvelle installation industrielle de M\u00e9nara Pr\u00e9fa \u00e0 Khouribga"},"content":{"rendered":"<div>\n<p><img loading=\"lazy\" decoding=\"async\" width=\"300\" height=\"153\" src=\"https:\/\/linitiative.ca\/International\/wp-content\/uploads\/sites\/23\/2022\/02\/Ryad-Mezzour-Khouribga-MeCC81nara-PreCC81fa-filiale-du-Groupe-MeCC81nara-Holding-300x153-1.jpg\" class=\"attachment-medium size-medium wp-post-image\" alt=\"\" srcset=\"https:\/\/linitiative.ca\/International\/wp-content\/uploads\/sites\/23\/2022\/02\/Ryad-Mezzour-Khouribga-MeCC81nara-PreCC81fa-filiale-du-Groupe-MeCC81nara-Holding-300x153-1.jpg 300w, https:\/\/aujourdhui.ma\/wp-content\/uploads\/2022\/02\/Ryad-Mezzour-Khouribga-Me\u0301nara-Pre\u0301fa-filiale-du-Groupe-Me\u0301nara-Holding-274x140.jpg 274w, https:\/\/aujourdhui.ma\/wp-content\/uploads\/2022\/02\/Ryad-Mezzour-Khouribga-Me\u0301nara-Pre\u0301fa-filiale-du-Groupe-Me\u0301nara-Holding.jpg 746w, https:\/\/aujourdhui.ma\/wp-content\/uploads\/2022\/02\/Ryad-Mezzour-Khouribga-Me\u0301nara-Pre\u0301fa-filiale-du-Groupe-Me\u0301nara-Holding-165x84.jpg 165w, https:\/\/aujourdhui.ma\/wp-content\/uploads\/2022\/02\/Ryad-Mezzour-Khouribga-Me\u0301nara-Pre\u0301fa-filiale-du-Groupe-Me\u0301nara-Holding-702x358.jpg 702w\" sizes=\"auto, (max-width: 300px) 100vw, 300px\"><\/p>\n<p><span style=\"font-size: 20px; color: #800000;\"><strong>M\u00e9nara Pr\u00e9fa, filiale du Groupe M\u00e9nara Holding, a annonc\u00e9 avoir proc\u00e9d\u00e9, vendredi, au lancement d\u2019une nouvelle installation industrielle sur son site de Khouribga.<\/strong><\/span><br \/>\n<span id=\"more-400394\"><\/span><\/p>\n<p>La c\u00e9r\u00e9monie de lancement de cette nouvelle installation s\u2019est d\u00e9roul\u00e9e en pr\u00e9sence du ministre de l\u2019industrie et du commerce, Ryad Mezzour, du pr\u00e9sident-directeur g\u00e9n\u00e9ral de M\u00e9nara Holding, Mohamed Zahid, et du directeur g\u00e9n\u00e9ral d\u00e9l\u00e9gu\u00e9 de M\u00e9nara Holding, Mohamed A\u00eft Benzaiter. A cette occasion, M\u00e9nara Holding a indiqu\u00e9 dans un communiqu\u00e9 que son objectif strat\u00e9gique est de devenir le leader national incontest\u00e9 dans les m\u00e9tiers du BTP. C\u2019est la raison pour laquelle la soci\u00e9t\u00e9 M\u00e9nara Holding a proc\u00e9d\u00e9 \u00e0 un important investissement dans la r\u00e9gion de Khouribga, avec, notamment, l\u2019installation d\u2019une presse \u00e0 b\u00e9ton de marque MASA, et d\u2019une ligne de finition.<\/p>\n<p>Ces installations permettront de r\u00e9pondre aux besoins du march\u00e9 de la r\u00e9gion de Khouribga-Settat en termes de mat\u00e9riaux classiques de construction et offriront des produits de rev\u00eatement et d\u2019am\u00e9nagement urbain \u00abhaut de gamme\u00bb pour l\u2019ensemble du pays, en termes de dalles, de pav\u00e9s sp\u00e9ciaux ou de mobilier urbain, a ajout\u00e9 la m\u00eame source. L\u2019investissement global pour l\u2019usine M\u00e9nara Pr\u00e9fa Khouribga est de 150 millions de dirhams, dont 90 millions pour la nouvelle installation. Il devra g\u00e9n\u00e9rer 141 postes d\u2019emploi permanents. M\u00e9nara Pr\u00e9fa a \u00e9t\u00e9 cr\u00e9\u00e9e en 2002 et a pour principale activit\u00e9 la cr\u00e9ation de pr\u00e9fabriqu\u00e9s en b\u00e9ton et de b\u00e9ton pr\u00eat \u00e0 l\u2019emploi.<\/p>\n<\/div>\n<p>Auteur: ALM<br \/>\n<a href=\"https:\/\/aujourdhui.ma\/economie\/metiers-du-btp-nouvelle-installation-industrielle-de-menara-prefa-a-khouribga\">Cliquez ici pour lire l&rsquo;article depuis sa source.<\/a><\/p>\n","protected":false},"excerpt":{"rendered":"<p>M\u00e9nara Pr\u00e9fa, filiale du Groupe M\u00e9nara Holding, a annonc\u00e9 avoir proc\u00e9d\u00e9, vendredi, au lancement d\u2019une nouvelle installation industrielle sur son site de Khouribga. La c\u00e9r\u00e9monie de lancement de cette nouvelle installation s\u2019est d\u00e9roul\u00e9e en pr\u00e9sence du ministre de l\u2019industrie et du commerce, Ryad Mezzour, du pr\u00e9sident-directeur g\u00e9n\u00e9ral de M\u00e9nara Holding, Mohamed Zahid, et du directeur [&hellip;]<\/p>\n","protected":false},"author":1759,"featured_media":0,"comment_status":"closed","ping_status":"closed","sticky":false,"template":"","format":"standard","meta":{"fifu_image_url":"https:\/\/aujourdhui.ma\/wp-content\/uploads\/2022\/02\/Ryad-Mezzour-Khouribga-Me\u0301nara-Pre\u0301fa-filiale-du-Groupe-Me\u0301nara-Holding-300x153.jpg","fifu_image_alt":"M\u00e9tiers du BTP : Nouvelle installation industrielle de M\u00e9nara Pr\u00e9fa \u00e0 Khouribga","footnotes":""},"categories":[73,54],"tags":[],"class_list":["post-141348","post","type-post","status-publish","format-standard","hentry","category-actualite","category-maroc"],"_links":{"self":[{"href":"https:\/\/linitiative.ca\/International\/wp-json\/wp\/v2\/posts\/141348","targetHints":{"allow":["GET"]}}],"collection":[{"href":"https:\/\/linitiative.ca\/International\/wp-json\/wp\/v2\/posts"}],"about":[{"href":"https:\/\/linitiative.ca\/International\/wp-json\/wp\/v2\/types\/post"}],"author":[{"embeddable":true,"href":"https:\/\/linitiative.ca\/International\/wp-json\/wp\/v2\/users\/1759"}],"replies":[{"embeddable":true,"href":"https:\/\/linitiative.ca\/International\/wp-json\/wp\/v2\/comments?post=141348"}],"version-history":[{"count":0,"href":"https:\/\/linitiative.ca\/International\/wp-json\/wp\/v2\/posts\/141348\/revisions"}],"wp:attachment":[{"href":"https:\/\/linitiative.ca\/International\/wp-json\/wp\/v2\/media?parent=141348"}],"wp:term":[{"taxonomy":"category","embeddable":true,"href":"https:\/\/linitiative.ca\/International\/wp-json\/wp\/v2\/categories?post=141348"},{"taxonomy":"post_tag","embeddable":true,"href":"https:\/\/linitiative.ca\/International\/wp-json\/wp\/v2\/tags?post=141348"}],"curies":[{"name":"wp","href":"https:\/\/api.w.org\/{rel}","templated":true}]}}