{"id":141359,"date":"2022-02-21T05:54:24","date_gmt":"2022-02-21T10:54:24","guid":{"rendered":"https:\/\/linitiative.ca\/International\/previsions-meteorologiques-du-mardi-22-fevrier-2022\/"},"modified":"2022-02-21T05:54:24","modified_gmt":"2022-02-21T10:54:24","slug":"previsions-meteorologiques-du-mardi-22-fevrier-2022","status":"publish","type":"post","link":"https:\/\/linitiative.ca\/International\/previsions-meteorologiques-du-mardi-22-fevrier-2022\/","title":{"rendered":"Pr\u00e9visions m\u00e9t\u00e9orologiques du mardi 22 f\u00e9vrier 2022"},"content":{"rendered":"<div>\n<div style=\"margin-bottom:20px;\"><img loading=\"lazy\" decoding=\"async\" width=\"750\" height=\"430\" src=\"https:\/\/linitiative.ca\/International\/wp-content\/uploads\/sites\/23\/2022\/02\/soleil-2-1.jpg\" class=\"attachment-post-thumbnail size-post-thumbnail wp-post-image\" alt=\"\" srcset=\"https:\/\/linitiative.ca\/International\/wp-content\/uploads\/sites\/23\/2022\/02\/soleil-2-1.jpg 750w, https:\/\/www.mapmarrakech.ma\/map\/uploads\/2021\/09\/soleil-2-300x172.jpg 300w\" sizes=\"auto, (max-width: 750px) 100vw, 750px\"><\/div>\n<p>\u2013 Temps assez froid sur les montagnes et les Hauts plateaux Orientaux.<\/p>\n<p>\u2013 Ciel passag\u00e8rement \u00e0 souvent nuageux sur l\u2019Est des provinces Sud avec gouttes ou pluies \u00e9parses, en particulier l\u2019apr\u00e8s-midi et la nuit.<\/p>\n<p>\u2013 Formations brumeuses par endroits sur les c\u00f4tes, le matin et la nuit.<\/p>\n<p>\u2013 Ciel peu nuageux ou clair ailleurs.<\/p>\n<p>\u2013 Vent mod\u00e9r\u00e9 \u00e0 assez fort d\u2019Est \u00e0 Sud sur le Nord des provinces Sud et faible \u00e0 mod\u00e9r\u00e9, d\u2019Est sur l\u2019Oriental de Sud sur le Sud-Est et de Nord en g\u00e9n\u00e9ral ailleurs.<\/p>\n<p>\u2013 Chasse-poussi\u00e8res sur le Sud.<\/p>\n<p>\u2013 Temp\u00e9ratures minimales de l\u2019ordre de 00\/06\u00b0C sur les reliefs, 05\/11\u00b0C sur le Saiss, l\u2019Oriental, les plateaux de phosphate, les c\u00f4tes et les plaines Nord et les versants Sud-Est, 12\/16\u00b0C sur le Tang\u00e9rois, et le Centre et de 16\/20\u00b0C sur le Sud.<\/p>\n<p>\u2013 Temp\u00e9ratures maximales de l\u2019ordre de 15\/20\u00b0C sur l\u2019Atlas, le Rif et la M\u00e9diterran\u00e9e, 20\/25\u00b0C sur l\u2019Oriental, les c\u00f4tes Nord et le Sud-Est et de 27\/33\u00b0C sur les plaines \u00e0 l\u2019Ouest de l\u2019Atlas, le Centre, le Souss et les provinces Sud.<\/p>\n<p>\u2013 Mer belle \u00e0 peu agit\u00e9e sur la M\u00e9diterran\u00e9e, peu agit\u00e9e \u00e0 agit\u00e9e sur le D\u00e9troit, agit\u00e9e \u00e0 forte entre Larache et Tarfaya et peu agit\u00e9e \u00e0 agit\u00e9e ailleurs.<\/p>\n<p>The post <a rel=\"nofollow\" href=\"https:\/\/www.mapmarrakech.ma\/fr\/previsions-meteorologiques-du-mardi-22-fevrier-2022\/\">Pr\u00e9visions m\u00e9t\u00e9orologiques du mardi 22 f\u00e9vrier 2022<\/a> appeared first on <a rel=\"nofollow\" href=\"https:\/\/www.mapmarrakech.ma\/fr\">MapMarrakech<\/a>.<\/p>\n<\/div>\n<p>Auteur: Meriem IGASS<br \/>\n<a href=\"https:\/\/www.mapmarrakech.ma\/fr\/previsions-meteorologiques-du-mardi-22-fevrier-2022\/\">Cliquez ici pour lire l&rsquo;article depuis sa source.<\/a><\/p>\n","protected":false},"excerpt":{"rendered":"<p>\u2013 Temps assez froid sur les montagnes et les Hauts plateaux Orientaux. \u2013 Ciel passag\u00e8rement \u00e0 souvent nuageux sur l\u2019Est des provinces Sud avec gouttes ou pluies \u00e9parses, en particulier l\u2019apr\u00e8s-midi et la nuit. \u2013 Formations brumeuses par endroits sur les c\u00f4tes, le matin et la nuit. \u2013 Ciel peu nuageux ou clair ailleurs. \u2013 [&hellip;]<\/p>\n","protected":false},"author":1788,"featured_media":0,"comment_status":"closed","ping_status":"closed","sticky":false,"template":"","format":"standard","meta":{"fifu_image_url":"https:\/\/www.mapmarrakech.ma\/map\/uploads\/2021\/09\/soleil-2.jpg","fifu_image_alt":"Pr\u00e9visions m\u00e9t\u00e9orologiques du mardi 22 f\u00e9vrier 2022","footnotes":""},"categories":[54,76],"tags":[],"class_list":["post-141359","post","type-post","status-publish","format-standard","hentry","category-maroc","category-regions"],"_links":{"self":[{"href":"https:\/\/linitiative.ca\/International\/wp-json\/wp\/v2\/posts\/141359","targetHints":{"allow":["GET"]}}],"collection":[{"href":"https:\/\/linitiative.ca\/International\/wp-json\/wp\/v2\/posts"}],"about":[{"href":"https:\/\/linitiative.ca\/International\/wp-json\/wp\/v2\/types\/post"}],"author":[{"embeddable":true,"href":"https:\/\/linitiative.ca\/International\/wp-json\/wp\/v2\/users\/1788"}],"replies":[{"embeddable":true,"href":"https:\/\/linitiative.ca\/International\/wp-json\/wp\/v2\/comments?post=141359"}],"version-history":[{"count":0,"href":"https:\/\/linitiative.ca\/International\/wp-json\/wp\/v2\/posts\/141359\/revisions"}],"wp:attachment":[{"href":"https:\/\/linitiative.ca\/International\/wp-json\/wp\/v2\/media?parent=141359"}],"wp:term":[{"taxonomy":"category","embeddable":true,"href":"https:\/\/linitiative.ca\/International\/wp-json\/wp\/v2\/categories?post=141359"},{"taxonomy":"post_tag","embeddable":true,"href":"https:\/\/linitiative.ca\/International\/wp-json\/wp\/v2\/tags?post=141359"}],"curies":[{"name":"wp","href":"https:\/\/api.w.org\/{rel}","templated":true}]}}