{"id":141363,"date":"2022-02-21T12:32:40","date_gmt":"2022-02-21T17:32:40","guid":{"rendered":"https:\/\/linitiative.ca\/International\/rencontre-de-lecosysteme-indh-pour-la-presentation-du-bilan-detape\/"},"modified":"2022-02-21T12:32:40","modified_gmt":"2022-02-21T17:32:40","slug":"rencontre-de-lecosysteme-indh-pour-la-presentation-du-bilan-detape","status":"publish","type":"post","link":"https:\/\/linitiative.ca\/International\/rencontre-de-lecosysteme-indh-pour-la-presentation-du-bilan-detape\/","title":{"rendered":"Rencontre de l\u2019\u00e9cosyst\u00e8me INDH pour la pr\u00e9sentation du bilan d\u2019\u00e9tape"},"content":{"rendered":"<div>\n<div style=\"margin-bottom:20px;\"><img loading=\"lazy\" decoding=\"async\" width=\"750\" height=\"430\" src=\"https:\/\/linitiative.ca\/International\/wp-content\/uploads\/sites\/23\/2022\/02\/rencontre-copier.jpg\" class=\"attachment-post-thumbnail size-post-thumbnail wp-post-image\" alt=\"\" srcset=\"https:\/\/linitiative.ca\/International\/wp-content\/uploads\/sites\/23\/2022\/02\/rencontre-copier.jpg 750w, https:\/\/www.mapmarrakech.ma\/map\/uploads\/2022\/02\/rencontre-copier-300x172.jpg 300w\" sizes=\"auto, (max-width: 750px) 100vw, 750px\"><\/div>\n<p>Pr\u00e9sid\u00e9e par le wali, Coordonnateur national de l\u2019INDH, M. Mohamed Dardouri, en pr\u00e9sence du wali de la R\u00e9gion Marrakech-Safi, gouverneur de la pr\u00e9fecture de Marrakech, M. Karim Kassi-Lahlou, le pr\u00e9sident de la R\u00e9gion Marrakech-Safi, M. Samir Goudar, les Gouverneurs des provinces relevant de cette r\u00e9gion et les membres du Comit\u00e9 R\u00e9gional de D\u00e9veloppement Humain, cette 10\u00e8me \u00e9tape de la tourn\u00e9e territoriale nationale vise \u00e0 informer et \u00e0 sensibiliser les nouveaux \u00e9lus sur la vision et les enjeux de la phase III de l\u2019INDH, particuli\u00e8rement en mati\u00e8re de valorisation du capital humain et d\u2019inclusion \u00e9conomique des jeunes.<\/p>\n<p>Cette rencontre, tenue en mode hybride (en pr\u00e9sentiel et \u00e0 distance), afin de veiller au respect le plus strict des mesures sanitaires et de distanciation physique en cette p\u00e9riode de la pand\u00e9mie de la Covid-19, vise \u00e9galement \u00e0 pr\u00e9senter le bilan des r\u00e9alisations de l\u2019INDH au cours de ces derni\u00e8res ann\u00e9es, \u00e0 \u00e9changer avec les repr\u00e9sentants de la soci\u00e9t\u00e9 civile et recueillir leurs propositions, ainsi qu\u2019\u00e0 d\u00e9battre des \u00e9ventuelles difficult\u00e9s rencontr\u00e9es afin d\u2019am\u00e9liorer les m\u00e9canismes de pilotage des projets et les conditions de leur mise en \u0153uvre.<\/p>\n<p>Intervenant \u00e0 cette rencontre, M. Dardouri a soulign\u00e9 que les conseils \u00e9lus repr\u00e9sentent des partenaires incontournables de l\u2019INDH, relevant que ce Chantier Royal d\u2019envergure vise \u00e0 accompagner l\u2019ensemble des politiques et programmes publics mis en place par les pouvoirs publics.<\/p>\n<p>\u00ab\u00a0Cette rencontre a \u00e9t\u00e9 une r\u00e9ussite sur tous les plans eu \u00e9gard, \u00e0 la pr\u00e9sence distingu\u00e9e avec plus de 520 participants issus des diff\u00e9rentes provinces de la r\u00e9gion Marrakech-Safi et les \u00e9changes fructueux visant \u00e0 promouvoir la qualit\u00e9 des projets de l\u2019INDH\u00a0\u00bb, a-t-il ajout\u00e9, mettant en relief les r\u00e9sultats \u00ab\u00a0tr\u00e8s encourageants\u00a0\u00bb des r\u00e9alisations des trois premi\u00e8res ann\u00e9es de la phase III de l\u2019INDH au niveau de cette r\u00e9gion du Maroc.<\/p>\n<p>M.Dardouri a par ailleurs, appel\u00e9 \u00e0 f\u00e9d\u00e9rer les efforts de tous les intervenants pour traiter un certain retard constat\u00e9 dans cette r\u00e9gion au niveau de la mise en \u0153uvre du programme de la sant\u00e9 de la m\u00e8re et de l\u2019enfant, et notamment des disparit\u00e9s entre le monde rural et les zones urbaines.<\/p>\n<p>De son c\u00f4t\u00e9, le Wali de la r\u00e9gion Marrakech-Safi, M. Karim Kassi-Lahlou, a relev\u00e9 que ce chantier Royal d\u2019envergure repr\u00e9sente un programme de d\u00e9veloppement \u00ab\u00a0innovant\u00a0\u00bb, \u00ab\u00a0renouvel\u00e9\u00a0\u00bb et \u00ab\u00a0de r\u00e9f\u00e9rence\u00a0\u00bb de par ses acquis et ses r\u00e9alisations, qui ont eu un grand impact sur les conditions de vie des populations cibles comme en termes d\u2019am\u00e9lioration des indicateurs de d\u00e9veloppement.<\/p>\n<p>\u00ab\u00a0Les r\u00e9sultats de la phase III de l\u2019INDH au titre de 2019-2021, sont tr\u00e8s encourageants en d\u00e9pit des r\u00e9percussions n\u00e9gatives de la pand\u00e9mie de la Covid-19\u00a0\u00bb, a-t-il indiqu\u00e9, relevant que ces r\u00e9sultats, qui doivent \u00eatre une source de motivation pour davantage de pers\u00e9v\u00e9rance, sont le fruit de la f\u00e9d\u00e9ration des efforts de tous les intervenants.<\/p>\n<p>M. Kassi-Lahlou a par ailleurs, mis l\u2019accent sur l\u2019importance du suivi sur le terrain et de l\u2019\u00e9valuation permanente afin de promouvoir davantage la qualit\u00e9 des projets et activit\u00e9s de la phase III de l\u2019INDH.<\/p>\n<p>Le pr\u00e9sident de la r\u00e9gion Marrakech-Safi, M. Samir Goudar, a, quant \u00e0 lui, soulign\u00e9 que l\u2019INDH est devenue une r\u00e9f\u00e9rence au niveau mondial et une source d\u2019inspiration pour beaucoup de pays, appelant \u00e0 rem\u00e9dier aux disparit\u00e9s existantes entre les provinces et pr\u00e9fecture de Marrakech-Safi pour l\u2019\u00e9mergence d\u2019une r\u00e9gion homog\u00e8ne et compl\u00e9mentaire.<\/p>\n<p>Dans ce cadre, M. Goudar a appel\u00e9 \u00e0 davantage de coordination avec les conseils des r\u00e9gions notamment dans les axes relevant des pr\u00e9rogatives de ces instances \u00e9lues.<\/p>\n<p>Par la suite, le directeur du p\u00f4le accompagnement de la mise en \u0153uvre des programmes au sein de la Coordination Nationale de l\u2019INDH, M. Said Ziane, a pr\u00e9sent\u00e9 un expos\u00e9 d\u00e9taill\u00e9, occasion de mettre en avant la vision, les principes fondateurs et les programmes de la phase III de l\u2019INDH, faisant savoir que plus de 14.200 projets et activit\u00e9s ont \u00e9t\u00e9 mis en \u0153uvre durant la p\u00e9riode 2019-2021 de la phase III de l\u2019Initiative.<\/p>\n<p>Cette rencontre marqu\u00e9e par la participation \u00e9galement des membres des Comit\u00e9s Provinciaux de D\u00e9veloppement Humain (CPDH), des pr\u00e9sidents des Comit\u00e9s Locaux de D\u00e9veloppement Humain (CLDH) ainsi que des pr\u00e9sidents des conseils provinciaux, pr\u00e9fectoraux et communaux, des chefs des services d\u00e9concentr\u00e9s de l\u2019Etat et des repr\u00e9sentants du tissu associatif, a \u00e9t\u00e9 l\u2019occasion d\u2019assister \u00e0 la pr\u00e9sentation, par le Chef de la Division de l\u2019Action Sociale (DAS) de la Wilaya de Marrakech-Safi, M. Anouar Dbira, du bilan r\u00e9gional des r\u00e9alisations de la phase III de l\u2019INDH depuis 2019.<\/p>\n<p>Cette journ\u00e9e d\u2019\u00e9changes s\u2019est cl\u00f4tur\u00e9e par un d\u00e9bat entre les participants, qui ont \u00e9mis une s\u00e9rie de recommandations et de suggestions visant l\u2019am\u00e9lioration de la gouvernance et de la mise en \u0153uvre des projets INDH dans la R\u00e9gion Marrakech-Safi.<\/p>\n<p>A rappeler que 12 rencontres sont pr\u00e9vues dans le cadre de cette tourn\u00e9e territoriale, organis\u00e9e \u00e0 travers les douze r\u00e9gions du Royaume au cours du mois de f\u00e9vrier 2022.<\/p>\n<p>Ces rencontres, organis\u00e9es une par chef-lieu de r\u00e9gion, conna\u00eetront la participation de l\u2019ensemble de l\u2019\u00e9cosyst\u00e8me INDH, qui compte plus de 16.000 personnes: administrations territoriales, services d\u00e9concentr\u00e9s de l\u2019Etat, \u00e9lus et repr\u00e9sentants de la soci\u00e9t\u00e9 civile.<\/p>\n<p>Cette tourn\u00e9e territoriale, qui intervient \u00e0 mi-parcours de la Phase III et au moment o\u00f9, le Royaume connait, sous la conduite \u00e9clair\u00e9e de Sa Majest\u00e9 le Roi Mohammed VI, un remarquable essor de son d\u00e9veloppement socio-\u00e9conomique, constitue une pr\u00e9cieuse opportunit\u00e9 pour l\u2019INDH de renforcer davantage son ancrage territorial et d\u2019\u00eatre pleinement \u00e0 l\u2019\u00e9coute des populations b\u00e9n\u00e9ficiaires de ses multiples programmes.<\/p>\n<p>The post <a rel=\"nofollow\" href=\"https:\/\/www.mapmarrakech.ma\/fr\/rencontre-de-lecosysteme-indh-pour-la-presentation-du-bilan-detape\/\">Rencontre de l\u2019\u00e9cosyst\u00e8me INDH pour la pr\u00e9sentation du bilan d\u2019\u00e9tape<\/a> appeared first on <a rel=\"nofollow\" href=\"https:\/\/www.mapmarrakech.ma\/fr\">MapMarrakech<\/a>.<\/p>\n<\/div>\n<p>Auteur: Meriem IGASS<br \/>\n<a href=\"https:\/\/www.mapmarrakech.ma\/fr\/rencontre-de-lecosysteme-indh-pour-la-presentation-du-bilan-detape\/\">Cliquez ici pour lire l&rsquo;article depuis sa source.<\/a><\/p>\n","protected":false},"excerpt":{"rendered":"<p>Pr\u00e9sid\u00e9e par le wali, Coordonnateur national de l\u2019INDH, M. Mohamed Dardouri, en pr\u00e9sence du wali de la R\u00e9gion Marrakech-Safi, gouverneur de la pr\u00e9fecture de Marrakech, M. Karim Kassi-Lahlou, le pr\u00e9sident de la R\u00e9gion Marrakech-Safi, M. Samir Goudar, les Gouverneurs des provinces relevant de cette r\u00e9gion et les membres du Comit\u00e9 R\u00e9gional de D\u00e9veloppement Humain, cette [&hellip;]<\/p>\n","protected":false},"author":1788,"featured_media":0,"comment_status":"closed","ping_status":"closed","sticky":false,"template":"","format":"standard","meta":{"fifu_image_url":"https:\/\/www.mapmarrakech.ma\/map\/uploads\/2022\/02\/rencontre-copier.jpg","fifu_image_alt":"Rencontre de l\u2019\u00e9cosyst\u00e8me INDH pour la pr\u00e9sentation du bilan d\u2019\u00e9tape","footnotes":""},"categories":[54,76],"tags":[],"class_list":["post-141363","post","type-post","status-publish","format-standard","hentry","category-maroc","category-regions"],"_links":{"self":[{"href":"https:\/\/linitiative.ca\/International\/wp-json\/wp\/v2\/posts\/141363","targetHints":{"allow":["GET"]}}],"collection":[{"href":"https:\/\/linitiative.ca\/International\/wp-json\/wp\/v2\/posts"}],"about":[{"href":"https:\/\/linitiative.ca\/International\/wp-json\/wp\/v2\/types\/post"}],"author":[{"embeddable":true,"href":"https:\/\/linitiative.ca\/International\/wp-json\/wp\/v2\/users\/1788"}],"replies":[{"embeddable":true,"href":"https:\/\/linitiative.ca\/International\/wp-json\/wp\/v2\/comments?post=141363"}],"version-history":[{"count":0,"href":"https:\/\/linitiative.ca\/International\/wp-json\/wp\/v2\/posts\/141363\/revisions"}],"wp:attachment":[{"href":"https:\/\/linitiative.ca\/International\/wp-json\/wp\/v2\/media?parent=141363"}],"wp:term":[{"taxonomy":"category","embeddable":true,"href":"https:\/\/linitiative.ca\/International\/wp-json\/wp\/v2\/categories?post=141363"},{"taxonomy":"post_tag","embeddable":true,"href":"https:\/\/linitiative.ca\/International\/wp-json\/wp\/v2\/tags?post=141363"}],"curies":[{"name":"wp","href":"https:\/\/api.w.org\/{rel}","templated":true}]}}