{"id":141365,"date":"2022-02-21T12:42:31","date_gmt":"2022-02-21T17:42:31","guid":{"rendered":"https:\/\/linitiative.ca\/International\/covid-19-le-maroc-passe-au-niveau-vert-de-transmission\/"},"modified":"2022-02-21T12:42:31","modified_gmt":"2022-02-21T17:42:31","slug":"covid-19-le-maroc-passe-au-niveau-vert-de-transmission","status":"publish","type":"post","link":"https:\/\/linitiative.ca\/International\/covid-19-le-maroc-passe-au-niveau-vert-de-transmission\/","title":{"rendered":"Covid-19: Le Maroc passe au niveau vert de transmission"},"content":{"rendered":"<div>\n<div style=\"margin-bottom:20px;\"><img loading=\"lazy\" decoding=\"async\" width=\"750\" height=\"430\" src=\"https:\/\/linitiative.ca\/International\/wp-content\/uploads\/sites\/23\/2022\/02\/mouad-merabet-1.jpg\" class=\"attachment-post-thumbnail size-post-thumbnail wp-post-image\" alt=\"\" srcset=\"https:\/\/linitiative.ca\/International\/wp-content\/uploads\/sites\/23\/2022\/02\/mouad-merabet-1.jpg 750w, https:\/\/www.mapmarrakech.ma\/map\/uploads\/2022\/02\/mouad-merabet-1-300x172.jpg 300w\" sizes=\"auto, (max-width: 750px) 100vw, 750px\"><\/div>\n<p>Dans une publication intitul\u00e9e \u00ab\u00a0Bref commentaire sur la situation \u00e9pid\u00e9miologique de l\u2019infection au SARS-CoV-2 \u00e0 la date du 20\/02\/2022\u00a0\u00bb, M. Merabet a soulign\u00e9 que la d\u00e9crue rapide de la vague Omicron continue avec poursuite du ralentissement de la circulation virale sur l\u2019ensemble du territoire national, permettant un passage rapide de notre pays du niveau orange (mod\u00e9r\u00e9) au niveau faible de transmission du SARS-CoV-2 dans sa version Omicron.<\/p>\n<p>\u00ab\u00a0La baisse des nouvelles contaminations a atteint 52%, la baisse du taux de positivit\u00e9 hebdomadaire est de 7 \u00e0 3.5%, alors que le taux de reproduction effectif du virus (Rt) est de 0.79\u00a0\u00bb, a-t-il pr\u00e9cis\u00e9, notant que l\u2019am\u00e9lioration concerne toutes les r\u00e9gions du Maroc, mais certaines provinces sont toujours au niveau mod\u00e9r\u00e9 (orange).<\/p>\n<p>Et d\u2019ajouter que la tendance baissi\u00e8re concerne \u00e9galement les nouvelles contaminations, les cas de Covidose grave ayant enregistr\u00e9 une baisse de 49.3% avec 222 nouvelles admissions en r\u00e9animation et soins intensifs durant cette semaine contre 300 sorties apr\u00e8s am\u00e9lioration de l\u2019\u00e9tat clinique.<\/p>\n<p>Les d\u00e9c\u00e8s hebdomadaires ont \u00e9galement connu une baisse de 40%, a poursuivi M. Merabet, qui a toutefois mis en garde contre la possibilit\u00e9 d\u2019\u00e9mergence d\u2019un nouveau variant pr\u00e9occupant. \u00ab\u00a0La vague Omicron n\u2019est pas encore cl\u00f4tur\u00e9e, une autre semaine du niveau vert est n\u00e9cessaire pour rester conforme aux r\u00e8gles d\u2019\u00e9valuation du niveau de transmission\u00a0\u00bb, a-t-il fait remarquer.<\/p>\n<p>\u00ab\u00a0Le virus se transmet actuellement de mani\u00e8re faible au niveau de la majorit\u00e9 des provinces et pr\u00e9fectures, mais aucune province ne conna\u00eet une transmission nulle. Le risque de contamination est l\u00e0, donc le risque de Covidose grave est aussi l\u00e0 et donc le risque de d\u00e9c\u00e8s est non nul\u00a0\u00bb, a relev\u00e9 le responsable.<\/p>\n<p>Appelant \u00e0 la vigilance, M. Merabet a \u00e9num\u00e9r\u00e9 un certain nombre de conseils permettant de r\u00e9duire \u00ab\u00a0significativement\u00a0\u00bb les risques pr\u00e9cit\u00e9s, \u00e0 savoir le respect des mesures barri\u00e8res, le test en cas d\u2019apparition des signes \u00e9vocateurs et la vaccination.<\/p>\n<p>The post <a rel=\"nofollow\" href=\"https:\/\/www.mapmarrakech.ma\/fr\/covid-19-le-maroc-passe-au-niveau-vert-de-transmission\/\">Covid-19: Le Maroc passe au niveau vert de transmission<\/a> appeared first on <a rel=\"nofollow\" href=\"https:\/\/www.mapmarrakech.ma\/fr\">MapMarrakech<\/a>.<\/p>\n<\/div>\n<p>Auteur: Meriem IGASS<br \/>\n<a href=\"https:\/\/www.mapmarrakech.ma\/fr\/covid-19-le-maroc-passe-au-niveau-vert-de-transmission\/\">Cliquez ici pour lire l&rsquo;article depuis sa source.<\/a><\/p>\n","protected":false},"excerpt":{"rendered":"<p>Dans une publication intitul\u00e9e \u00ab\u00a0Bref commentaire sur la situation \u00e9pid\u00e9miologique de l\u2019infection au SARS-CoV-2 \u00e0 la date du 20\/02\/2022\u00a0\u00bb, M. Merabet a soulign\u00e9 que la d\u00e9crue rapide de la vague Omicron continue avec poursuite du ralentissement de la circulation virale sur l\u2019ensemble du territoire national, permettant un passage rapide de notre pays du niveau orange [&hellip;]<\/p>\n","protected":false},"author":1788,"featured_media":0,"comment_status":"closed","ping_status":"closed","sticky":false,"template":"","format":"standard","meta":{"fifu_image_url":"https:\/\/www.mapmarrakech.ma\/map\/uploads\/2022\/02\/mouad-merabet-1.jpg","fifu_image_alt":"Covid-19: Le Maroc passe au niveau vert de transmission","footnotes":""},"categories":[54,76],"tags":[],"class_list":["post-141365","post","type-post","status-publish","format-standard","hentry","category-maroc","category-regions"],"_links":{"self":[{"href":"https:\/\/linitiative.ca\/International\/wp-json\/wp\/v2\/posts\/141365","targetHints":{"allow":["GET"]}}],"collection":[{"href":"https:\/\/linitiative.ca\/International\/wp-json\/wp\/v2\/posts"}],"about":[{"href":"https:\/\/linitiative.ca\/International\/wp-json\/wp\/v2\/types\/post"}],"author":[{"embeddable":true,"href":"https:\/\/linitiative.ca\/International\/wp-json\/wp\/v2\/users\/1788"}],"replies":[{"embeddable":true,"href":"https:\/\/linitiative.ca\/International\/wp-json\/wp\/v2\/comments?post=141365"}],"version-history":[{"count":0,"href":"https:\/\/linitiative.ca\/International\/wp-json\/wp\/v2\/posts\/141365\/revisions"}],"wp:attachment":[{"href":"https:\/\/linitiative.ca\/International\/wp-json\/wp\/v2\/media?parent=141365"}],"wp:term":[{"taxonomy":"category","embeddable":true,"href":"https:\/\/linitiative.ca\/International\/wp-json\/wp\/v2\/categories?post=141365"},{"taxonomy":"post_tag","embeddable":true,"href":"https:\/\/linitiative.ca\/International\/wp-json\/wp\/v2\/tags?post=141365"}],"curies":[{"name":"wp","href":"https:\/\/api.w.org\/{rel}","templated":true}]}}