{"id":141374,"date":"2022-02-21T12:19:00","date_gmt":"2022-02-21T17:19:00","guid":{"rendered":"https:\/\/linitiative.ca\/International\/insultes-racistes-reims-reagit-a-laffaire-belaili\/"},"modified":"2022-02-21T12:19:00","modified_gmt":"2022-02-21T17:19:00","slug":"insultes-racistes-reims-reagit-a-laffaire-belaili","status":"publish","type":"post","link":"https:\/\/linitiative.ca\/International\/insultes-racistes-reims-reagit-a-laffaire-belaili\/","title":{"rendered":"Insultes racistes: Reims r\u00e9agit \u00e0 l&rsquo;affaire Bela\u00efli"},"content":{"rendered":"<div>Youcef Bela\u00efli, a \u00e9t\u00e9 victime d\u2019injures racistes&#8230;<\/div>\n<p>Auteur:<br \/>\n<a href=\"https:\/\/www.lebuteur.com\/article\/detail?titre=insultes-racistes-reims-reagit-a-laffaire-belaili&#038;id=102354\">Cliquez ici pour lire l&rsquo;article depuis sa source.<\/a><\/p>\n","protected":false},"excerpt":{"rendered":"<p>Youcef Bela\u00efli, a \u00e9t\u00e9 victime d\u2019injures racistes&#8230; Auteur: Cliquez ici pour lire l&rsquo;article depuis sa source.<\/p>\n","protected":false},"author":1738,"featured_media":0,"comment_status":"closed","ping_status":"closed","sticky":false,"template":"","format":"standard","meta":{"fifu_image_url":"","fifu_image_alt":"","footnotes":""},"categories":[53,75],"tags":[],"class_list":["post-141374","post","type-post","status-publish","format-standard","hentry","category-algerie","category-sport"],"_links":{"self":[{"href":"https:\/\/linitiative.ca\/International\/wp-json\/wp\/v2\/posts\/141374","targetHints":{"allow":["GET"]}}],"collection":[{"href":"https:\/\/linitiative.ca\/International\/wp-json\/wp\/v2\/posts"}],"about":[{"href":"https:\/\/linitiative.ca\/International\/wp-json\/wp\/v2\/types\/post"}],"author":[{"embeddable":true,"href":"https:\/\/linitiative.ca\/International\/wp-json\/wp\/v2\/users\/1738"}],"replies":[{"embeddable":true,"href":"https:\/\/linitiative.ca\/International\/wp-json\/wp\/v2\/comments?post=141374"}],"version-history":[{"count":0,"href":"https:\/\/linitiative.ca\/International\/wp-json\/wp\/v2\/posts\/141374\/revisions"}],"wp:attachment":[{"href":"https:\/\/linitiative.ca\/International\/wp-json\/wp\/v2\/media?parent=141374"}],"wp:term":[{"taxonomy":"category","embeddable":true,"href":"https:\/\/linitiative.ca\/International\/wp-json\/wp\/v2\/categories?post=141374"},{"taxonomy":"post_tag","embeddable":true,"href":"https:\/\/linitiative.ca\/International\/wp-json\/wp\/v2\/tags?post=141374"}],"curies":[{"name":"wp","href":"https:\/\/api.w.org\/{rel}","templated":true}]}}