{"id":141380,"date":"2022-02-21T05:01:00","date_gmt":"2022-02-21T10:01:00","guid":{"rendered":"https:\/\/linitiative.ca\/International\/noureddine-sammoud-les-muses-en-deuil\/"},"modified":"2022-02-21T05:01:00","modified_gmt":"2022-02-21T10:01:00","slug":"noureddine-sammoud-les-muses-en-deuil","status":"publish","type":"post","link":"https:\/\/linitiative.ca\/International\/noureddine-sammoud-les-muses-en-deuil\/","title":{"rendered":"Noureddine Sammoud: Les muses en deuil"},"content":{"rendered":"<div><img decoding=\"async\" src=\"https:\/\/linitiative.ca\/International\/wp-content\/uploads\/sites\/23\/2022\/02\/1645435216_article.jpg\" alt=\"Noureddine Sammoud: Les muses en deuil\" align=\"left\">Par Abdelaziz Kacem &#8211; Mardi 11 janvier 2022, Noureddine Sammoud, le phare de K\u00e9libia, s\u2019est \u00e9teint. Son d\u00e9part pr\u00e9cipit\u00e9 nous a litt\u00e9ralement pris au d\u00e9pourvu. La veille, lundi 10, il \u00e9tait si vivant. Non, ce n\u2019est pas une lapalissade. Certes, \u00e0 plus de 89 ans, il n\u2019\u00e9tait plus de la premi\u00e8re jeunesse ; certes, il avait fait une mauvaise chute domestique et ses fractures tardaient \u00e0 se souder, mais son esprit restait \u00e9tonnamment vivace et son inspiration d\u00e9bordante. La veille, moins de dix ou douze heures avant d\u2019entrer dans le silence \u00e9ternel, il continua \u00e0 bombarder ses amis de ses courriels quotidiens. Pour ma part, j\u2019en ai re\u00e7u deux : ses stances du jour. De la &#8230;<\/p>\n<\/div>\n<p>Auteur:<br \/>\n<a href=\"https:\/\/www.leaders.com.tn\/article\/32990-noureddine-sammoud-les-muses-en-deuil\">Cliquez ici pour lire l&rsquo;article depuis sa source.<\/a><\/p>\n","protected":false},"excerpt":{"rendered":"<p>Par Abdelaziz Kacem &#8211; Mardi 11 janvier 2022, Noureddine Sammoud, le phare de K\u00e9libia, s\u2019est \u00e9teint. Son d\u00e9part pr\u00e9cipit\u00e9 nous a litt\u00e9ralement pris au d\u00e9pourvu. La veille, lundi 10, il \u00e9tait si vivant. Non, ce n\u2019est pas une lapalissade. Certes, \u00e0 plus de 89 ans, il n\u2019\u00e9tait plus de la premi\u00e8re jeunesse ; certes, il [&hellip;]<\/p>\n","protected":false},"author":1772,"featured_media":0,"comment_status":"closed","ping_status":"closed","sticky":false,"template":"","format":"standard","meta":{"fifu_image_url":"http:\/\/www.leaders.com.tn\/uploads\/content\/thumbnails_small\/1645435216_article.jpg","fifu_image_alt":"Noureddine Sammoud: Les muses en deuil","footnotes":""},"categories":[73,55],"tags":[],"class_list":["post-141380","post","type-post","status-publish","format-standard","hentry","category-actualite","category-tunisie"],"_links":{"self":[{"href":"https:\/\/linitiative.ca\/International\/wp-json\/wp\/v2\/posts\/141380","targetHints":{"allow":["GET"]}}],"collection":[{"href":"https:\/\/linitiative.ca\/International\/wp-json\/wp\/v2\/posts"}],"about":[{"href":"https:\/\/linitiative.ca\/International\/wp-json\/wp\/v2\/types\/post"}],"author":[{"embeddable":true,"href":"https:\/\/linitiative.ca\/International\/wp-json\/wp\/v2\/users\/1772"}],"replies":[{"embeddable":true,"href":"https:\/\/linitiative.ca\/International\/wp-json\/wp\/v2\/comments?post=141380"}],"version-history":[{"count":0,"href":"https:\/\/linitiative.ca\/International\/wp-json\/wp\/v2\/posts\/141380\/revisions"}],"wp:attachment":[{"href":"https:\/\/linitiative.ca\/International\/wp-json\/wp\/v2\/media?parent=141380"}],"wp:term":[{"taxonomy":"category","embeddable":true,"href":"https:\/\/linitiative.ca\/International\/wp-json\/wp\/v2\/categories?post=141380"},{"taxonomy":"post_tag","embeddable":true,"href":"https:\/\/linitiative.ca\/International\/wp-json\/wp\/v2\/tags?post=141380"}],"curies":[{"name":"wp","href":"https:\/\/api.w.org\/{rel}","templated":true}]}}