{"id":141382,"date":"2022-02-21T11:08:40","date_gmt":"2022-02-21T16:08:40","guid":{"rendered":"https:\/\/linitiative.ca\/International\/maroc-retour-remarque-pour-le-nouveau-opel-mokka\/"},"modified":"2022-02-21T11:08:40","modified_gmt":"2022-02-21T16:08:40","slug":"maroc-retour-remarque-pour-le-nouveau-opel-mokka","status":"publish","type":"post","link":"https:\/\/linitiative.ca\/International\/maroc-retour-remarque-pour-le-nouveau-opel-mokka\/","title":{"rendered":"Maroc. Retour remarqu\u00e9 pour le nouveau Opel Mokka"},"content":{"rendered":"<div><img decoding=\"async\" width=\"600\" height=\"400\" src=\"https:\/\/linitiative.ca\/International\/wp-content\/uploads\/sites\/23\/2022\/02\/Ouverture-600-x-400.jpg\" class=\"attachment-post-thumbnail size-post-thumbnail wp-post-image\" alt=\"\" loading=\"lazy\" srcset=\"https:\/\/linitiative.ca\/International\/wp-content\/uploads\/sites\/23\/2022\/02\/Ouverture-600-x-400.jpg 600w, https:\/\/www.challenge.ma\/wp-content\/uploads\/2022\/02\/Ouverture-600-x-400-300x200.jpg 300w, https:\/\/www.challenge.ma\/wp-content\/uploads\/2022\/02\/Ouverture-600-x-400-360x240.jpg 360w\" sizes=\"auto, (max-width: 600px) 100vw, 600px\" itemprop=\"image\">C\u2019est la nouveaut\u00e9 de ce d\u00e9but d\u2019ann\u00e9e qui vient agr\u00e9menter de fort belle mani\u00e8re l\u2019ensemble des showrooms d\u2019Opel dans le Royaume. L\u2019importateur de la marque (SMAA- Groupe Auto Hall) commercialise depuis peu le Mokka, un SUV urbain bien dans l\u2019air du temps qui dispose de solides arguments \u00e0 m\u00eame de<\/div>\n<p>Auteur: David J\u00e9r\u00e9mie<br \/>\n<a href=\"https:\/\/www.challenge.ma\/maroc-retour-remarque-pour-le-nouveau-opel-mokka-233066\/\">Cliquez ici pour lire l&rsquo;article depuis sa source.<\/a><\/p>\n","protected":false},"excerpt":{"rendered":"<p>C\u2019est la nouveaut\u00e9 de ce d\u00e9but d\u2019ann\u00e9e qui vient agr\u00e9menter de fort belle mani\u00e8re l\u2019ensemble des showrooms d\u2019Opel dans le Royaume. L\u2019importateur de la marque (SMAA- Groupe Auto Hall) commercialise depuis peu le Mokka, un SUV urbain bien dans l\u2019air du temps qui dispose de solides arguments \u00e0 m\u00eame de Auteur: David J\u00e9r\u00e9mie Cliquez ici [&hellip;]<\/p>\n","protected":false},"author":1787,"featured_media":0,"comment_status":"closed","ping_status":"closed","sticky":false,"template":"","format":"standard","meta":{"fifu_image_url":"https:\/\/www.challenge.ma\/wp-content\/uploads\/2022\/02\/Ouverture-600-x-400.jpg","fifu_image_alt":"Maroc. Retour remarqu\u00e9 pour le nouveau Opel Mokka","footnotes":""},"categories":[78,54],"tags":[],"class_list":["post-141382","post","type-post","status-publish","format-standard","hentry","category-economie","category-maroc"],"_links":{"self":[{"href":"https:\/\/linitiative.ca\/International\/wp-json\/wp\/v2\/posts\/141382","targetHints":{"allow":["GET"]}}],"collection":[{"href":"https:\/\/linitiative.ca\/International\/wp-json\/wp\/v2\/posts"}],"about":[{"href":"https:\/\/linitiative.ca\/International\/wp-json\/wp\/v2\/types\/post"}],"author":[{"embeddable":true,"href":"https:\/\/linitiative.ca\/International\/wp-json\/wp\/v2\/users\/1787"}],"replies":[{"embeddable":true,"href":"https:\/\/linitiative.ca\/International\/wp-json\/wp\/v2\/comments?post=141382"}],"version-history":[{"count":0,"href":"https:\/\/linitiative.ca\/International\/wp-json\/wp\/v2\/posts\/141382\/revisions"}],"wp:attachment":[{"href":"https:\/\/linitiative.ca\/International\/wp-json\/wp\/v2\/media?parent=141382"}],"wp:term":[{"taxonomy":"category","embeddable":true,"href":"https:\/\/linitiative.ca\/International\/wp-json\/wp\/v2\/categories?post=141382"},{"taxonomy":"post_tag","embeddable":true,"href":"https:\/\/linitiative.ca\/International\/wp-json\/wp\/v2\/tags?post=141382"}],"curies":[{"name":"wp","href":"https:\/\/api.w.org\/{rel}","templated":true}]}}