{"id":141384,"date":"2022-02-21T11:09:05","date_gmt":"2022-02-21T16:09:05","guid":{"rendered":"https:\/\/linitiative.ca\/International\/jo-de-pekin-2022-cest-fini-15-jours-dexploits-et-de-frissons\/"},"modified":"2022-02-21T11:09:05","modified_gmt":"2022-02-21T16:09:05","slug":"jo-de-pekin-2022-cest-fini-15-jours-dexploits-et-de-frissons","status":"publish","type":"post","link":"https:\/\/linitiative.ca\/International\/jo-de-pekin-2022-cest-fini-15-jours-dexploits-et-de-frissons\/","title":{"rendered":"JO de P\u00e9kin 2022, c\u2019est fini. 15 jours d\u2019exploits et de frissons"},"content":{"rendered":"<div><img decoding=\"async\" width=\"768\" height=\"433\" src=\"https:\/\/linitiative.ca\/International\/wp-content\/uploads\/sites\/23\/2022\/02\/JO.jpg\" class=\"attachment-post-thumbnail size-post-thumbnail wp-post-image\" alt=\"\" loading=\"lazy\" srcset=\"https:\/\/linitiative.ca\/International\/wp-content\/uploads\/sites\/23\/2022\/02\/JO.jpg 768w, https:\/\/www.challenge.ma\/wp-content\/uploads\/2022\/02\/JO-300x169.jpg 300w, https:\/\/www.challenge.ma\/wp-content\/uploads\/2022\/02\/JO-360x203.jpg 360w, https:\/\/www.challenge.ma\/wp-content\/uploads\/2022\/02\/JO-750x423.jpg 750w\" sizes=\"auto, (max-width: 768px) 100vw, 768px\" itemprop=\"image\">C\u2019est d\u00e9j\u00e0 fini, la flamme olympique \u00e9teinte, les JO d\u2019hiver de P\u00e9kin 2022 ont tir\u00e9 leur r\u00e9v\u00e9rence, ce dimanche 20 f\u00e9vrier, avec la c\u00e9r\u00e9monie, dans le Nid d\u2019Oiseau, cl\u00f4turant officiellement la 24\u00e8me \u00e9dition, ouverte le 04 f\u00e9vrier. Si le curling a inaugur\u00e9 les JO de P\u00e9kin 2022, c\u2019est le tournoi<\/div>\n<p>Auteur: challenge<br \/>\n<a href=\"https:\/\/www.challenge.ma\/jo-de-pekin-2022-cest-fini-15-jours-dexploits-et-de-frissons-233096\/\">Cliquez ici pour lire l&rsquo;article depuis sa source.<\/a><\/p>\n","protected":false},"excerpt":{"rendered":"<p>C\u2019est d\u00e9j\u00e0 fini, la flamme olympique \u00e9teinte, les JO d\u2019hiver de P\u00e9kin 2022 ont tir\u00e9 leur r\u00e9v\u00e9rence, ce dimanche 20 f\u00e9vrier, avec la c\u00e9r\u00e9monie, dans le Nid d\u2019Oiseau, cl\u00f4turant officiellement la 24\u00e8me \u00e9dition, ouverte le 04 f\u00e9vrier. Si le curling a inaugur\u00e9 les JO de P\u00e9kin 2022, c\u2019est le tournoi Auteur: challenge Cliquez ici pour [&hellip;]<\/p>\n","protected":false},"author":1787,"featured_media":0,"comment_status":"closed","ping_status":"closed","sticky":false,"template":"","format":"standard","meta":{"fifu_image_url":"https:\/\/www.challenge.ma\/wp-content\/uploads\/2022\/02\/JO.jpg","fifu_image_alt":"JO de P\u00e9kin 2022, c\u2019est fini. 15 jours d\u2019exploits et de frissons","footnotes":""},"categories":[78,54],"tags":[],"class_list":["post-141384","post","type-post","status-publish","format-standard","hentry","category-economie","category-maroc"],"_links":{"self":[{"href":"https:\/\/linitiative.ca\/International\/wp-json\/wp\/v2\/posts\/141384","targetHints":{"allow":["GET"]}}],"collection":[{"href":"https:\/\/linitiative.ca\/International\/wp-json\/wp\/v2\/posts"}],"about":[{"href":"https:\/\/linitiative.ca\/International\/wp-json\/wp\/v2\/types\/post"}],"author":[{"embeddable":true,"href":"https:\/\/linitiative.ca\/International\/wp-json\/wp\/v2\/users\/1787"}],"replies":[{"embeddable":true,"href":"https:\/\/linitiative.ca\/International\/wp-json\/wp\/v2\/comments?post=141384"}],"version-history":[{"count":0,"href":"https:\/\/linitiative.ca\/International\/wp-json\/wp\/v2\/posts\/141384\/revisions"}],"wp:attachment":[{"href":"https:\/\/linitiative.ca\/International\/wp-json\/wp\/v2\/media?parent=141384"}],"wp:term":[{"taxonomy":"category","embeddable":true,"href":"https:\/\/linitiative.ca\/International\/wp-json\/wp\/v2\/categories?post=141384"},{"taxonomy":"post_tag","embeddable":true,"href":"https:\/\/linitiative.ca\/International\/wp-json\/wp\/v2\/tags?post=141384"}],"curies":[{"name":"wp","href":"https:\/\/api.w.org\/{rel}","templated":true}]}}