{"id":141390,"date":"2022-02-21T14:33:05","date_gmt":"2022-02-21T19:33:05","guid":{"rendered":"https:\/\/linitiative.ca\/International\/le-maroc-et-israel-prevoient-de-quadrupler-leurs-echanges-commerciaux\/"},"modified":"2022-02-21T14:33:05","modified_gmt":"2022-02-21T19:33:05","slug":"le-maroc-et-israel-prevoient-de-quadrupler-leurs-echanges-commerciaux","status":"publish","type":"post","link":"https:\/\/linitiative.ca\/International\/le-maroc-et-israel-prevoient-de-quadrupler-leurs-echanges-commerciaux\/","title":{"rendered":"Le Maroc et Isra\u00ebl pr\u00e9voient de quadrupler leurs \u00e9changes commerciaux"},"content":{"rendered":"<div><img decoding=\"async\" width=\"600\" height=\"351\" src=\"https:\/\/linitiative.ca\/International\/wp-content\/uploads\/sites\/23\/2022\/02\/Maroc-Israel-600-x-351.jpg\" class=\"attachment-post-thumbnail size-post-thumbnail wp-post-image\" alt=\"\" loading=\"lazy\" srcset=\"https:\/\/linitiative.ca\/International\/wp-content\/uploads\/sites\/23\/2022\/02\/Maroc-Israel-600-x-351.jpg 600w, https:\/\/www.challenge.ma\/wp-content\/uploads\/2022\/02\/Maroc-Israel-600-x-351-300x176.jpg 300w, https:\/\/www.challenge.ma\/wp-content\/uploads\/2022\/02\/Maroc-Israel-600-x-351-360x211.jpg 360w\" sizes=\"auto, (max-width: 600px) 100vw, 600px\" itemprop=\"image\">La coop\u00e9ration industrielle et commerciale entre le Maroc et Isra\u00ebl a \u00e9t\u00e9 au centre d\u2019une rencontre tenue ce 21 f\u00e9vrier \u00e0 Rabat, entre le ministre de l\u2019Industrie et du Commerce, Ryad Mezzour, et la ministre isra\u00e9lienne de l\u2019Economie et de l\u2019Industrie, Orna Barbivai, qui effectue une visite de travail de<\/div>\n<p>Auteur: challenge<br \/>\n<a href=\"https:\/\/www.challenge.ma\/le-maroc-et-israel-prevoient-de-quadrupler-leurs-echanges-commerciaux-233127\/\">Cliquez ici pour lire l&rsquo;article depuis sa source.<\/a><\/p>\n","protected":false},"excerpt":{"rendered":"<p>La coop\u00e9ration industrielle et commerciale entre le Maroc et Isra\u00ebl a \u00e9t\u00e9 au centre d\u2019une rencontre tenue ce 21 f\u00e9vrier \u00e0 Rabat, entre le ministre de l\u2019Industrie et du Commerce, Ryad Mezzour, et la ministre isra\u00e9lienne de l\u2019Economie et de l\u2019Industrie, Orna Barbivai, qui effectue une visite de travail de Auteur: challenge Cliquez ici pour [&hellip;]<\/p>\n","protected":false},"author":1787,"featured_media":0,"comment_status":"closed","ping_status":"closed","sticky":false,"template":"","format":"standard","meta":{"fifu_image_url":"https:\/\/www.challenge.ma\/wp-content\/uploads\/2022\/02\/Maroc-Israel-600-x-351.jpg","fifu_image_alt":"Le Maroc et Isra\u00ebl pr\u00e9voient de quadrupler leurs \u00e9changes commerciaux","footnotes":""},"categories":[78,54],"tags":[],"class_list":["post-141390","post","type-post","status-publish","format-standard","hentry","category-economie","category-maroc"],"_links":{"self":[{"href":"https:\/\/linitiative.ca\/International\/wp-json\/wp\/v2\/posts\/141390","targetHints":{"allow":["GET"]}}],"collection":[{"href":"https:\/\/linitiative.ca\/International\/wp-json\/wp\/v2\/posts"}],"about":[{"href":"https:\/\/linitiative.ca\/International\/wp-json\/wp\/v2\/types\/post"}],"author":[{"embeddable":true,"href":"https:\/\/linitiative.ca\/International\/wp-json\/wp\/v2\/users\/1787"}],"replies":[{"embeddable":true,"href":"https:\/\/linitiative.ca\/International\/wp-json\/wp\/v2\/comments?post=141390"}],"version-history":[{"count":0,"href":"https:\/\/linitiative.ca\/International\/wp-json\/wp\/v2\/posts\/141390\/revisions"}],"wp:attachment":[{"href":"https:\/\/linitiative.ca\/International\/wp-json\/wp\/v2\/media?parent=141390"}],"wp:term":[{"taxonomy":"category","embeddable":true,"href":"https:\/\/linitiative.ca\/International\/wp-json\/wp\/v2\/categories?post=141390"},{"taxonomy":"post_tag","embeddable":true,"href":"https:\/\/linitiative.ca\/International\/wp-json\/wp\/v2\/tags?post=141390"}],"curies":[{"name":"wp","href":"https:\/\/api.w.org\/{rel}","templated":true}]}}