{"id":141392,"date":"2022-02-21T16:19:19","date_gmt":"2022-02-21T21:19:19","guid":{"rendered":"https:\/\/linitiative.ca\/International\/par-jawhar-chatty-le-grand-sud-et-la-politique\/"},"modified":"2022-02-21T16:19:19","modified_gmt":"2022-02-21T21:19:19","slug":"par-jawhar-chatty-le-grand-sud-et-la-politique","status":"publish","type":"post","link":"https:\/\/linitiative.ca\/International\/par-jawhar-chatty-le-grand-sud-et-la-politique\/","title":{"rendered":"Par Jawhar Chatty\u00a0: Le grand Sud et la politique"},"content":{"rendered":"<div>\n<p>Pass\u00e9 quatre jours au Sud, au grand Sud de la Tunisie. Avec mes filles jumelles. \u00a0Magnifique. \u00ab\u00a0 Magnifique\u00a0\u00bb, le mot n\u2019est pas de moi mais d\u2019une des d\u2019entre elles. Parti tr\u00e8s t\u00f4t de Tunis, en direction du sud, nous avions fait pas moins de dix heures de route. Les pauses \u00e9taient nombreuses , il est [\u2026]<\/p>\n<p>L\u2019article <a href=\"https:\/\/www.tunisienumerique.com\/par-jawhar-chatty-le-grand-sud-et-la-politique\/\">Par Jawhar Chatty\u00a0: Le grand Sud et la politique<\/a> est apparu en premier sur <a href=\"https:\/\/www.tunisienumerique.com\/\">Tunisie<\/a>.<\/p>\n<\/div>\n<p>Auteur: Tunisie Num\u00e9rique<br \/>\n<a href=\"https:\/\/www.tunisienumerique.com\/par-jawhar-chatty-le-grand-sud-et-la-politique\/\">Cliquez ici pour lire l&rsquo;article depuis sa source.<\/a><\/p>\n","protected":false},"excerpt":{"rendered":"<p>Pass\u00e9 quatre jours au Sud, au grand Sud de la Tunisie. Avec mes filles jumelles. \u00a0Magnifique. \u00ab\u00a0 Magnifique\u00a0\u00bb, le mot n\u2019est pas de moi mais d\u2019une des d\u2019entre elles. Parti tr\u00e8s t\u00f4t de Tunis, en direction du sud, nous avions fait pas moins de dix heures de route. Les pauses \u00e9taient nombreuses , il est [&hellip;]<\/p>\n","protected":false},"author":1789,"featured_media":0,"comment_status":"closed","ping_status":"closed","sticky":false,"template":"","format":"standard","meta":{"fifu_image_url":"","fifu_image_alt":"","footnotes":""},"categories":[73,55],"tags":[],"class_list":["post-141392","post","type-post","status-publish","format-standard","hentry","category-actualite","category-tunisie"],"_links":{"self":[{"href":"https:\/\/linitiative.ca\/International\/wp-json\/wp\/v2\/posts\/141392","targetHints":{"allow":["GET"]}}],"collection":[{"href":"https:\/\/linitiative.ca\/International\/wp-json\/wp\/v2\/posts"}],"about":[{"href":"https:\/\/linitiative.ca\/International\/wp-json\/wp\/v2\/types\/post"}],"author":[{"embeddable":true,"href":"https:\/\/linitiative.ca\/International\/wp-json\/wp\/v2\/users\/1789"}],"replies":[{"embeddable":true,"href":"https:\/\/linitiative.ca\/International\/wp-json\/wp\/v2\/comments?post=141392"}],"version-history":[{"count":0,"href":"https:\/\/linitiative.ca\/International\/wp-json\/wp\/v2\/posts\/141392\/revisions"}],"wp:attachment":[{"href":"https:\/\/linitiative.ca\/International\/wp-json\/wp\/v2\/media?parent=141392"}],"wp:term":[{"taxonomy":"category","embeddable":true,"href":"https:\/\/linitiative.ca\/International\/wp-json\/wp\/v2\/categories?post=141392"},{"taxonomy":"post_tag","embeddable":true,"href":"https:\/\/linitiative.ca\/International\/wp-json\/wp\/v2\/tags?post=141392"}],"curies":[{"name":"wp","href":"https:\/\/api.w.org\/{rel}","templated":true}]}}