{"id":141393,"date":"2022-02-21T16:29:11","date_gmt":"2022-02-21T21:29:11","guid":{"rendered":"https:\/\/linitiative.ca\/International\/tunisie-imed-ben-halima-video-ghannouchi-sera-t-il-sanctionne-pour-avoir-accuse-ks-de-blaspheme-et-incite-a-sa-liquidation\/"},"modified":"2022-02-21T16:29:11","modified_gmt":"2022-02-21T21:29:11","slug":"tunisie-imed-ben-halima-video-ghannouchi-sera-t-il-sanctionne-pour-avoir-accuse-ks-de-blaspheme-et-incite-a-sa-liquidation","status":"publish","type":"post","link":"https:\/\/linitiative.ca\/International\/tunisie-imed-ben-halima-video-ghannouchi-sera-t-il-sanctionne-pour-avoir-accuse-ks-de-blaspheme-et-incite-a-sa-liquidation\/","title":{"rendered":"Tunisie-Imed Ben Halima [VIDEO] : \u00ab Ghannouchi sera-t-il sanctionn\u00e9 pour avoir accus\u00e9 KS de blasph\u00e8me et incit\u00e9 \u00e0 sa liquidation ? \u00bb"},"content":{"rendered":"<div>\n<p>Dans une vid\u00e9o diffus\u00e9e sur sa page ce soir 21 f\u00e9vrier 2022, l\u2019avocat, Imed Ben Halima a d\u00e9clar\u00e9 que le chef du mouvement Ennahdha, Rached Ghannouchi avait qualifi\u00e9 le pr\u00e9sident de la R\u00e9publique, Kais Saied de \u00ab taghout\u00a0\u00bb (tyran), l\u2019accusant de blasph\u00e8me et a appel\u00e9 \u00e0 sa liquidation et a autoris\u00e9 de faire couler son [\u2026]<\/p>\n<p>L\u2019article <a href=\"https:\/\/www.tunisienumerique.com\/tunisie-imed-ben-halima-video-ghannouchi-sera-t-il-sanctionne-pour-avoir-accuse-ks-de-blaspheme-et-incite-a-sa-liquidation\/\">Tunisie-Imed Ben Halima [VIDEO] : \u00ab Ghannouchi sera-t-il sanctionn\u00e9 pour avoir accus\u00e9 KS de blasph\u00e8me et incit\u00e9 \u00e0 sa liquidation ? \u00bb<\/a> est apparu en premier sur <a href=\"https:\/\/www.tunisienumerique.com\/\">Tunisie<\/a>.<\/p>\n<\/div>\n<p>Auteur: rania ben slimane<br \/>\n<a href=\"https:\/\/www.tunisienumerique.com\/tunisie-imed-ben-halima-video-ghannouchi-sera-t-il-sanctionne-pour-avoir-accuse-ks-de-blaspheme-et-incite-a-sa-liquidation\/\">Cliquez ici pour lire l&rsquo;article depuis sa source.<\/a><\/p>\n","protected":false},"excerpt":{"rendered":"<p>Dans une vid\u00e9o diffus\u00e9e sur sa page ce soir 21 f\u00e9vrier 2022, l\u2019avocat, Imed Ben Halima a d\u00e9clar\u00e9 que le chef du mouvement Ennahdha, Rached Ghannouchi avait qualifi\u00e9 le pr\u00e9sident de la R\u00e9publique, Kais Saied de \u00ab taghout\u00a0\u00bb (tyran), l\u2019accusant de blasph\u00e8me et a appel\u00e9 \u00e0 sa liquidation et a autoris\u00e9 de faire couler son [&hellip;]<\/p>\n","protected":false},"author":1789,"featured_media":0,"comment_status":"closed","ping_status":"closed","sticky":false,"template":"","format":"standard","meta":{"fifu_image_url":"","fifu_image_alt":"","footnotes":""},"categories":[73,55],"tags":[],"class_list":["post-141393","post","type-post","status-publish","format-standard","hentry","category-actualite","category-tunisie"],"_links":{"self":[{"href":"https:\/\/linitiative.ca\/International\/wp-json\/wp\/v2\/posts\/141393","targetHints":{"allow":["GET"]}}],"collection":[{"href":"https:\/\/linitiative.ca\/International\/wp-json\/wp\/v2\/posts"}],"about":[{"href":"https:\/\/linitiative.ca\/International\/wp-json\/wp\/v2\/types\/post"}],"author":[{"embeddable":true,"href":"https:\/\/linitiative.ca\/International\/wp-json\/wp\/v2\/users\/1789"}],"replies":[{"embeddable":true,"href":"https:\/\/linitiative.ca\/International\/wp-json\/wp\/v2\/comments?post=141393"}],"version-history":[{"count":0,"href":"https:\/\/linitiative.ca\/International\/wp-json\/wp\/v2\/posts\/141393\/revisions"}],"wp:attachment":[{"href":"https:\/\/linitiative.ca\/International\/wp-json\/wp\/v2\/media?parent=141393"}],"wp:term":[{"taxonomy":"category","embeddable":true,"href":"https:\/\/linitiative.ca\/International\/wp-json\/wp\/v2\/categories?post=141393"},{"taxonomy":"post_tag","embeddable":true,"href":"https:\/\/linitiative.ca\/International\/wp-json\/wp\/v2\/tags?post=141393"}],"curies":[{"name":"wp","href":"https:\/\/api.w.org\/{rel}","templated":true}]}}