{"id":141394,"date":"2022-02-21T16:42:12","date_gmt":"2022-02-21T21:42:12","guid":{"rendered":"https:\/\/linitiative.ca\/International\/russie-vladimir-poutine-lukraine-fait-partie-de-notre-histoire\/"},"modified":"2022-02-21T16:42:12","modified_gmt":"2022-02-21T21:42:12","slug":"russie-vladimir-poutine-lukraine-fait-partie-de-notre-histoire","status":"publish","type":"post","link":"https:\/\/linitiative.ca\/International\/russie-vladimir-poutine-lukraine-fait-partie-de-notre-histoire\/","title":{"rendered":"Russie-Vladimir Poutine : \u00ab l\u2019Ukraine fait partie de notre histoire \u00bb"},"content":{"rendered":"<div>\n<p>Le pr\u00e9sident russe Vladimir Poutine a annonc\u00e9 la reconnaissance de l\u2019ind\u00e9pendance des r\u00e9publiques populaires autoproclam\u00e9es de Donetsk et de Louhansk dans l\u2019est de l\u2019Ukraine, malgr\u00e9 la menace europ\u00e9enne d\u2019imposer des sanctions si Moscou prenait cette d\u00e9cision. Dans un discours au peuple russe ce soir 21 f\u00e9vrier 2022, Poutine a appel\u00e9 la F\u00e9d\u00e9ration de Russie \u00e0 [\u2026]<\/p>\n<p>L\u2019article <a href=\"https:\/\/www.tunisienumerique.com\/russie-vladimir-poutine-lukraine-fait-partie-de-notre-histoire\/\">Russie-Vladimir Poutine : \u00ab l\u2019Ukraine fait partie de notre histoire \u00bb<\/a> est apparu en premier sur <a href=\"https:\/\/www.tunisienumerique.com\/\">Tunisie<\/a>.<\/p>\n<\/div>\n<p>Auteur: rania ben slimane<br \/>\n<a href=\"https:\/\/www.tunisienumerique.com\/russie-vladimir-poutine-lukraine-fait-partie-de-notre-histoire\/\">Cliquez ici pour lire l&rsquo;article depuis sa source.<\/a><\/p>\n","protected":false},"excerpt":{"rendered":"<p>Le pr\u00e9sident russe Vladimir Poutine a annonc\u00e9 la reconnaissance de l\u2019ind\u00e9pendance des r\u00e9publiques populaires autoproclam\u00e9es de Donetsk et de Louhansk dans l\u2019est de l\u2019Ukraine, malgr\u00e9 la menace europ\u00e9enne d\u2019imposer des sanctions si Moscou prenait cette d\u00e9cision. Dans un discours au peuple russe ce soir 21 f\u00e9vrier 2022, Poutine a appel\u00e9 la F\u00e9d\u00e9ration de Russie \u00e0 [&hellip;]<\/p>\n","protected":false},"author":1789,"featured_media":0,"comment_status":"closed","ping_status":"closed","sticky":false,"template":"","format":"standard","meta":{"fifu_image_url":"","fifu_image_alt":"","footnotes":""},"categories":[73,55],"tags":[],"class_list":["post-141394","post","type-post","status-publish","format-standard","hentry","category-actualite","category-tunisie"],"_links":{"self":[{"href":"https:\/\/linitiative.ca\/International\/wp-json\/wp\/v2\/posts\/141394","targetHints":{"allow":["GET"]}}],"collection":[{"href":"https:\/\/linitiative.ca\/International\/wp-json\/wp\/v2\/posts"}],"about":[{"href":"https:\/\/linitiative.ca\/International\/wp-json\/wp\/v2\/types\/post"}],"author":[{"embeddable":true,"href":"https:\/\/linitiative.ca\/International\/wp-json\/wp\/v2\/users\/1789"}],"replies":[{"embeddable":true,"href":"https:\/\/linitiative.ca\/International\/wp-json\/wp\/v2\/comments?post=141394"}],"version-history":[{"count":0,"href":"https:\/\/linitiative.ca\/International\/wp-json\/wp\/v2\/posts\/141394\/revisions"}],"wp:attachment":[{"href":"https:\/\/linitiative.ca\/International\/wp-json\/wp\/v2\/media?parent=141394"}],"wp:term":[{"taxonomy":"category","embeddable":true,"href":"https:\/\/linitiative.ca\/International\/wp-json\/wp\/v2\/categories?post=141394"},{"taxonomy":"post_tag","embeddable":true,"href":"https:\/\/linitiative.ca\/International\/wp-json\/wp\/v2\/tags?post=141394"}],"curies":[{"name":"wp","href":"https:\/\/api.w.org\/{rel}","templated":true}]}}