{"id":141396,"date":"2022-02-21T17:15:04","date_gmt":"2022-02-21T22:15:04","guid":{"rendered":"https:\/\/linitiative.ca\/International\/crise-ukraine-russie-josep-borrell-nous-sommes-prets-a-reagir-si-poutine-reconnait-les-separatistes-en-ukraine\/"},"modified":"2022-02-21T17:15:04","modified_gmt":"2022-02-21T22:15:04","slug":"crise-ukraine-russie-josep-borrell-nous-sommes-prets-a-reagir-si-poutine-reconnait-les-separatistes-en-ukraine","status":"publish","type":"post","link":"https:\/\/linitiative.ca\/International\/crise-ukraine-russie-josep-borrell-nous-sommes-prets-a-reagir-si-poutine-reconnait-les-separatistes-en-ukraine\/","title":{"rendered":"Crise Ukraine-Russie-Josep Borrell : \u00ab Nous sommes pr\u00eats \u00e0 r\u00e9agir si Poutine reconna\u00eet les s\u00e9paratistes en Ukraine \u00bb"},"content":{"rendered":"<div>\n<p>Le chef des affaires \u00e9trang\u00e8res de l\u2019Union europ\u00e9enne, Josep Borrell, a confirm\u00e9 aujourd\u2019hui, lundi 21 f\u00e9vrier 2022, que le bloc est \u201cpr\u00eat \u00e0 r\u00e9agir\u201d si le pr\u00e9sident russe Vladimir Poutine reconna\u00eet l\u2019ind\u00e9pendance des deux r\u00e9gions s\u00e9paratistes de l\u2019est de l\u2019Ukraine. \u201cNous appelons le pr\u00e9sident Poutine \u00e0 respecter le droit international et les accords de Minsk. [\u2026]<\/p>\n<p>L\u2019article <a href=\"https:\/\/www.tunisienumerique.com\/crise-ukraine-russie-josep-borrell-nous-sommes-prets-a-reagir-si-poutine-reconnait-les-separatistes-en-ukraine\/\">Crise Ukraine-Russie-Josep Borrell : \u00ab Nous sommes pr\u00eats \u00e0 r\u00e9agir si Poutine reconna\u00eet les s\u00e9paratistes en Ukraine \u00bb<\/a> est apparu en premier sur <a href=\"https:\/\/www.tunisienumerique.com\/\">Tunisie<\/a>.<\/p>\n<\/div>\n<p>Auteur: rania ben slimane<br \/>\n<a href=\"https:\/\/www.tunisienumerique.com\/crise-ukraine-russie-josep-borrell-nous-sommes-prets-a-reagir-si-poutine-reconnait-les-separatistes-en-ukraine\/\">Cliquez ici pour lire l&rsquo;article depuis sa source.<\/a><\/p>\n","protected":false},"excerpt":{"rendered":"<p>Le chef des affaires \u00e9trang\u00e8res de l\u2019Union europ\u00e9enne, Josep Borrell, a confirm\u00e9 aujourd\u2019hui, lundi 21 f\u00e9vrier 2022, que le bloc est \u201cpr\u00eat \u00e0 r\u00e9agir\u201d si le pr\u00e9sident russe Vladimir Poutine reconna\u00eet l\u2019ind\u00e9pendance des deux r\u00e9gions s\u00e9paratistes de l\u2019est de l\u2019Ukraine. \u201cNous appelons le pr\u00e9sident Poutine \u00e0 respecter le droit international et les accords de Minsk. [&hellip;]<\/p>\n","protected":false},"author":1789,"featured_media":0,"comment_status":"closed","ping_status":"closed","sticky":false,"template":"","format":"standard","meta":{"fifu_image_url":"","fifu_image_alt":"","footnotes":""},"categories":[73,55],"tags":[],"class_list":["post-141396","post","type-post","status-publish","format-standard","hentry","category-actualite","category-tunisie"],"_links":{"self":[{"href":"https:\/\/linitiative.ca\/International\/wp-json\/wp\/v2\/posts\/141396","targetHints":{"allow":["GET"]}}],"collection":[{"href":"https:\/\/linitiative.ca\/International\/wp-json\/wp\/v2\/posts"}],"about":[{"href":"https:\/\/linitiative.ca\/International\/wp-json\/wp\/v2\/types\/post"}],"author":[{"embeddable":true,"href":"https:\/\/linitiative.ca\/International\/wp-json\/wp\/v2\/users\/1789"}],"replies":[{"embeddable":true,"href":"https:\/\/linitiative.ca\/International\/wp-json\/wp\/v2\/comments?post=141396"}],"version-history":[{"count":0,"href":"https:\/\/linitiative.ca\/International\/wp-json\/wp\/v2\/posts\/141396\/revisions"}],"wp:attachment":[{"href":"https:\/\/linitiative.ca\/International\/wp-json\/wp\/v2\/media?parent=141396"}],"wp:term":[{"taxonomy":"category","embeddable":true,"href":"https:\/\/linitiative.ca\/International\/wp-json\/wp\/v2\/categories?post=141396"},{"taxonomy":"post_tag","embeddable":true,"href":"https:\/\/linitiative.ca\/International\/wp-json\/wp\/v2\/tags?post=141396"}],"curies":[{"name":"wp","href":"https:\/\/api.w.org\/{rel}","templated":true}]}}