{"id":141399,"date":"2022-02-21T14:27:46","date_gmt":"2022-02-21T19:27:46","guid":{"rendered":"https:\/\/linitiative.ca\/International\/revision-de-la-charte-de-la-transition-au-mali-le-realisme-va-t-il-prevaloir\/"},"modified":"2022-02-21T14:27:46","modified_gmt":"2022-02-21T19:27:46","slug":"revision-de-la-charte-de-la-transition-au-mali-le-realisme-va-t-il-prevaloir","status":"publish","type":"post","link":"https:\/\/linitiative.ca\/International\/revision-de-la-charte-de-la-transition-au-mali-le-realisme-va-t-il-prevaloir\/","title":{"rendered":"REVISION DE LA CHARTE DE LA TRANSITION AU MALI : Le r\u00e9alisme va-t-il pr\u00e9valoir\u00a0?"},"content":{"rendered":"<div>\n<p><img decoding=\"async\" width=\"592\" height=\"296\" src=\"https:\/\/linitiative.ca\/International\/wp-content\/uploads\/sites\/23\/2022\/02\/ASSAMI.jpg\" class=\"attachment- size- wp-post-image\" alt=\"\" loading=\"lazy\" style=\"float:left; margin:0 15px 15px 0;\" srcset=\"https:\/\/linitiative.ca\/International\/wp-content\/uploads\/sites\/23\/2022\/02\/ASSAMI.jpg 592w, https:\/\/lepays.bf\/wp-content\/uploads\/2022\/02\/ASSAMI-300x150.jpg 300w\" sizes=\"auto, (max-width: 592px) 100vw, 592px\">Au Mali, le Conseil national de la transition (CNT) a adopt\u00e9 une nouvelle charte. C\u2019\u00e9tait le 21 f\u00e9vrier 2022, lors d\u2019une s\u00e9ance pl\u00e9ni\u00e8re qui se penchait sur la modification de la charte adopt\u00e9e au lendemain de la chute de Ibrahim Boubacar K\u00e9ita (IBK), en ao\u00fbt [\u2026]<\/p>\n<p>L\u2019article <a rel=\"nofollow\" href=\"https:\/\/lepays.bf\/revision-de-la-charte-de-la-transition-au-mali-le-realisme-va-t-il-prevaloir\/\">REVISION DE LA CHARTE DE LA TRANSITION AU MALI : Le r\u00e9alisme va-t-il pr\u00e9valoir\u00a0?<\/a> est apparu en premier sur <a rel=\"nofollow\" href=\"https:\/\/lepays.bf\/\">Editions Le Pays<\/a>.<\/p>\n<\/div>\n<p>Auteur: Editions LEPAYS<br \/>\n<a href=\"https:\/\/lepays.bf\/revision-de-la-charte-de-la-transition-au-mali-le-realisme-va-t-il-prevaloir\/\">Cliquez ici pour lire l&rsquo;article depuis sa source.<\/a><\/p>\n","protected":false},"excerpt":{"rendered":"<p>Au Mali, le Conseil national de la transition (CNT) a adopt\u00e9 une nouvelle charte. C\u2019\u00e9tait le 21 f\u00e9vrier 2022, lors d\u2019une s\u00e9ance pl\u00e9ni\u00e8re qui se penchait sur la modification de la charte adopt\u00e9e au lendemain de la chute de Ibrahim Boubacar K\u00e9ita (IBK), en ao\u00fbt [\u2026] L\u2019article REVISION DE LA CHARTE DE LA TRANSITION AU [&hellip;]<\/p>\n","protected":false},"author":1813,"featured_media":0,"comment_status":"closed","ping_status":"closed","sticky":false,"template":"","format":"standard","meta":{"fifu_image_url":"https:\/\/lepays.bf\/wp-content\/uploads\/2022\/02\/ASSAMI.jpg","fifu_image_alt":"REVISION DE LA CHARTE DE LA TRANSITION AU MALI : Le r\u00e9alisme va-t-il pr\u00e9valoir\u00a0?","footnotes":""},"categories":[73,81],"tags":[],"class_list":["post-141399","post","type-post","status-publish","format-standard","hentry","category-actualite","category-burkina-faso"],"_links":{"self":[{"href":"https:\/\/linitiative.ca\/International\/wp-json\/wp\/v2\/posts\/141399","targetHints":{"allow":["GET"]}}],"collection":[{"href":"https:\/\/linitiative.ca\/International\/wp-json\/wp\/v2\/posts"}],"about":[{"href":"https:\/\/linitiative.ca\/International\/wp-json\/wp\/v2\/types\/post"}],"author":[{"embeddable":true,"href":"https:\/\/linitiative.ca\/International\/wp-json\/wp\/v2\/users\/1813"}],"replies":[{"embeddable":true,"href":"https:\/\/linitiative.ca\/International\/wp-json\/wp\/v2\/comments?post=141399"}],"version-history":[{"count":0,"href":"https:\/\/linitiative.ca\/International\/wp-json\/wp\/v2\/posts\/141399\/revisions"}],"wp:attachment":[{"href":"https:\/\/linitiative.ca\/International\/wp-json\/wp\/v2\/media?parent=141399"}],"wp:term":[{"taxonomy":"category","embeddable":true,"href":"https:\/\/linitiative.ca\/International\/wp-json\/wp\/v2\/categories?post=141399"},{"taxonomy":"post_tag","embeddable":true,"href":"https:\/\/linitiative.ca\/International\/wp-json\/wp\/v2\/tags?post=141399"}],"curies":[{"name":"wp","href":"https:\/\/api.w.org\/{rel}","templated":true}]}}