{"id":141401,"date":"2022-02-21T14:32:09","date_gmt":"2022-02-21T19:32:09","guid":{"rendered":"https:\/\/linitiative.ca\/International\/mini-tournee-de-erdogan-en-afrique-les-interets-guident-les-pas\/"},"modified":"2022-02-21T14:32:09","modified_gmt":"2022-02-21T19:32:09","slug":"mini-tournee-de-erdogan-en-afrique-les-interets-guident-les-pas","status":"publish","type":"post","link":"https:\/\/linitiative.ca\/International\/mini-tournee-de-erdogan-en-afrique-les-interets-guident-les-pas\/","title":{"rendered":"MINI TOURNEE DE ERDOGAN EN AFRIQUE : Les int\u00e9r\u00eats guident les pas"},"content":{"rendered":"<div>\n<p><img loading=\"lazy\" decoding=\"async\" width=\"592\" height=\"296\" src=\"https:\/\/linitiative.ca\/International\/wp-content\/uploads\/sites\/23\/2022\/02\/ERDOGAN.jpg\" class=\"attachment- size- wp-post-image\" alt=\"\" style=\"float:left; margin:0 15px 15px 0;\" srcset=\"https:\/\/linitiative.ca\/International\/wp-content\/uploads\/sites\/23\/2022\/02\/ERDOGAN.jpg 592w, https:\/\/lepays.bf\/wp-content\/uploads\/2022\/02\/ERDOGAN-300x150.jpg 300w\" sizes=\"auto, (max-width: 592px) 100vw, 592px\">Il se passe actuellement au S\u00e9n\u00e9gal, un ballet \u00e9conomico-diplomatique. En effet, depuis dimanche, le pr\u00e9sident allemand, Frank-Walter Steinmeier, s\u00e9journe \u00e0 Dakar dans le cadre d\u2019une visite officielle de trois jours. Outre les perspectives \u00e9conomiques \u00e0 envisager, le pr\u00e9sident allemand prendra part \u00e0 la pose de [\u2026]<\/p>\n<p>L\u2019article <a rel=\"nofollow\" href=\"https:\/\/lepays.bf\/mini-tournee-de-erdogan-en-afrique-les-interets-guident-les-pas\/\">MINI TOURNEE DE ERDOGAN EN AFRIQUE : Les int\u00e9r\u00eats guident les pas<\/a> est apparu en premier sur <a rel=\"nofollow\" href=\"https:\/\/lepays.bf\/\">Editions Le Pays<\/a>.<\/p>\n<\/div>\n<p>Auteur: Editions LEPAYS<br \/>\n<a href=\"https:\/\/lepays.bf\/mini-tournee-de-erdogan-en-afrique-les-interets-guident-les-pas\/\">Cliquez ici pour lire l&rsquo;article depuis sa source.<\/a><\/p>\n","protected":false},"excerpt":{"rendered":"<p>Il se passe actuellement au S\u00e9n\u00e9gal, un ballet \u00e9conomico-diplomatique. En effet, depuis dimanche, le pr\u00e9sident allemand, Frank-Walter Steinmeier, s\u00e9journe \u00e0 Dakar dans le cadre d\u2019une visite officielle de trois jours. Outre les perspectives \u00e9conomiques \u00e0 envisager, le pr\u00e9sident allemand prendra part \u00e0 la pose de [\u2026] L\u2019article MINI TOURNEE DE ERDOGAN EN AFRIQUE : Les [&hellip;]<\/p>\n","protected":false},"author":1813,"featured_media":0,"comment_status":"closed","ping_status":"closed","sticky":false,"template":"","format":"standard","meta":{"fifu_image_url":"https:\/\/lepays.bf\/wp-content\/uploads\/2022\/02\/ERDOGAN.jpg","fifu_image_alt":"MINI TOURNEE DE ERDOGAN EN AFRIQUE : Les int\u00e9r\u00eats guident les pas","footnotes":""},"categories":[73,81],"tags":[],"class_list":["post-141401","post","type-post","status-publish","format-standard","hentry","category-actualite","category-burkina-faso"],"_links":{"self":[{"href":"https:\/\/linitiative.ca\/International\/wp-json\/wp\/v2\/posts\/141401","targetHints":{"allow":["GET"]}}],"collection":[{"href":"https:\/\/linitiative.ca\/International\/wp-json\/wp\/v2\/posts"}],"about":[{"href":"https:\/\/linitiative.ca\/International\/wp-json\/wp\/v2\/types\/post"}],"author":[{"embeddable":true,"href":"https:\/\/linitiative.ca\/International\/wp-json\/wp\/v2\/users\/1813"}],"replies":[{"embeddable":true,"href":"https:\/\/linitiative.ca\/International\/wp-json\/wp\/v2\/comments?post=141401"}],"version-history":[{"count":0,"href":"https:\/\/linitiative.ca\/International\/wp-json\/wp\/v2\/posts\/141401\/revisions"}],"wp:attachment":[{"href":"https:\/\/linitiative.ca\/International\/wp-json\/wp\/v2\/media?parent=141401"}],"wp:term":[{"taxonomy":"category","embeddable":true,"href":"https:\/\/linitiative.ca\/International\/wp-json\/wp\/v2\/categories?post=141401"},{"taxonomy":"post_tag","embeddable":true,"href":"https:\/\/linitiative.ca\/International\/wp-json\/wp\/v2\/tags?post=141401"}],"curies":[{"name":"wp","href":"https:\/\/api.w.org\/{rel}","templated":true}]}}