{"id":141403,"date":"2022-02-21T17:11:37","date_gmt":"2022-02-21T22:11:37","guid":{"rendered":"https:\/\/linitiative.ca\/International\/entreprenariat-agricole-dans-la-boucle-du-mouhoun-elysee-sama-remplace-kani-bicaba-a-la-tete-de-lunion-regionale\/"},"modified":"2022-02-21T17:11:37","modified_gmt":"2022-02-21T22:11:37","slug":"entreprenariat-agricole-dans-la-boucle-du-mouhoun-elysee-sama-remplace-kani-bicaba-a-la-tete-de-lunion-regionale","status":"publish","type":"post","link":"https:\/\/linitiative.ca\/International\/entreprenariat-agricole-dans-la-boucle-du-mouhoun-elysee-sama-remplace-kani-bicaba-a-la-tete-de-lunion-regionale\/","title":{"rendered":"Entreprenariat agricole dans la Boucle du Mouhoun :  Elys\u00e9e Sama remplace Kani Bicaba \u00e0 la t\u00eate  de l\u2019union r\u00e9gionale"},"content":{"rendered":"<div>\n<p><strong>La c\u00e9r\u00e9monie de passation de charges entre les pr\u00e9sidents sortant et entrant de l\u2019Union r\u00e9gionale de soci\u00e9t\u00e9s coop\u00e9ratives des entrepreneurs agricoles de la Boucle du Mouhoun est intervenue, le vendredi 18 f\u00e9vrier 2022, \u00e0 D\u00e9dougou. Elys\u00e9e Sama remplace Kani Bicaba \u00e0 la t\u00eate de la structure.<\/strong><\/p>\n<p>L\u2019Union r\u00e9gionale des soci\u00e9t\u00e9s coop\u00e9ratives des entrepreneurs agricoles de la Boucle de Mouhoun (URCEA-BMH) a un nouveau pr\u00e9sident. Il s\u2019agit de Elys\u00e9e Sama, \u00e9lu en d\u00e9cembre 2021 pour un mandat de cinq ans. Il remplace ainsi Kani Bicaba qui dirigeait l\u2019organisation depuis 2013. Report\u00e9e \u00e0 plusieurs reprises \u00e0 la suite de tensions entre les deux \u00e9quipes et du fait de l\u2019absence de justificatifs de la gestion du groupe sortant, la c\u00e9r\u00e9monie de passation est finalement intervenue, le vendredi 18 f\u00e9vrier 2022, \u00e0 D\u00e9dougou. L\u2019\u00e9quipe entrante accusant celle qui sort de malversations financi\u00e8res, au cours de la c\u00e9r\u00e9monie, comme l\u2019a exig\u00e9 le nouveau bureau avant sa prise de service, la pr\u00e9sidence de s\u00e9ance assur\u00e9e par la Chambre r\u00e9gionale d\u2019agriculture (CRA), a v\u00e9rifi\u00e9 d\u2019abord entre autres, les comptes bancaires de l\u2019Union, les conventions de cr\u00e9dits accord\u00e9s et les proc\u00e8s-verbaux autorisant les soumissions aux diff\u00e9rents march\u00e9s. De cette \u00e9tape, il est ressorti un manquant de 173 millions F CFA dans l\u2019un des comptes de l\u2019Union.<\/p>\n<p>Le bureau sortant a expliqu\u00e9 que ce montant doit \u00eatre rembours\u00e9 par des mairies \u00e0 qui des engrais ont \u00e9t\u00e9 attribu\u00e9s. Mais, a rassur\u00e9 le pr\u00e9sident sortant, Kani Bicaba, si les mairies ne s\u2019ex\u00e9cutent pas, il s\u2019engage \u00e0 rembourser cette somme \u00e0 la nouvelle \u00e9quipe. Avec cet engagement consign\u00e9 dans le proc\u00e8s-verbal de passation, la c\u00e9r\u00e9monie a pu se tenir. Install\u00e9 dans ses fonctions de pr\u00e9sident de l\u2019URCEA-BMH, Elys\u00e9e Sama s\u2019est fix\u00e9 pour priorit\u00e9 de rassembler les entrepreneurs agricoles. \u00ab Nous devons entreprendre des actions de compl\u00e9mentarit\u00e9 et surseoir \u00e0 nos rivalit\u00e9s entre membres. Il est n\u00e9cessaire, pour le d\u00e9veloppement de notre agriculture, que nous cultivions un esprit de groupe, de solidarit\u00e9 et de tol\u00e9rance \u00bb, a-t-il souhait\u00e9. Tout en traduisant sa reconnaissance aux partenaires techniques et financiers de la structure, M. Sama a salu\u00e9 le travail abattu par le bureau sorti durant les huit ans pass\u00e9s dans la r\u00e9gion.<\/p>\n<p>Il a sollicit\u00e9 ses conseils et son accompagnement pour r\u00e9ussir la mission \u00e0 lui confi\u00e9e en vue d\u2019accroitre la production agricole dans la Boucle du Mouhoun, pour assurer la s\u00e9curit\u00e9 alimentaire au Burkina Faso. Quant au pr\u00e9sident sorti, Kani Bicaba, il a \u00e9galement d\u00e9plor\u00e9 les incompr\u00e9hensions, le manque de respect et de confiance entre les entrepreneurs agricoles. Tout en f\u00e9licitant son successeur pour son \u00e9lection, il a promis de lui apporter son soutien et ses conseils pour l\u2019atteinte de ses objectifs. N\u00e9anmoins, la journ\u00e9e de passation s\u2019est termin\u00e9e en queue de poisson apr\u00e8s des d\u00e9bats houleux suivis d\u2019altercations.<\/p>\n<p style=\"text-align: right\"><strong>Adama SEDGO <\/strong><\/p>\n<p>L\u2019article <a rel=\"nofollow\" href=\"https:\/\/www.sidwaya.info\/blog\/2022\/02\/21\/entreprenariat-agricole-dans-la-boucle-du-mouhoun-elysee-sama-remplace-kani-bicaba-a-la-tete-de-lunion-regionale\/\">Entreprenariat agricole dans la Boucle du Mouhoun :  Elys\u00e9e Sama remplace Kani Bicaba \u00e0 la t\u00eate  de l\u2019union r\u00e9gionale<\/a> est apparu en premier sur <a rel=\"nofollow\" href=\"https:\/\/www.sidwaya.info\/\">Quotidien Sidwaya<\/a>.<\/p>\n<\/div>\n<p>Auteur: JK. Sidwaya<br \/>\n<a href=\"https:\/\/www.sidwaya.info\/blog\/2022\/02\/21\/entreprenariat-agricole-dans-la-boucle-du-mouhoun-elysee-sama-remplace-kani-bicaba-a-la-tete-de-lunion-regionale\/?utm_source=rss&#038;utm_medium=rss&#038;utm_campaign=entreprenariat-agricole-dans-la-boucle-du-mouhoun-elysee-sama-remplace-kani-bicaba-a-la-tete-de-lunion-regionale\">Cliquez ici pour lire l&rsquo;article depuis sa source.<\/a><\/p>\n","protected":false},"excerpt":{"rendered":"<p>La c\u00e9r\u00e9monie de passation de charges entre les pr\u00e9sidents sortant et entrant de l\u2019Union r\u00e9gionale de soci\u00e9t\u00e9s coop\u00e9ratives des entrepreneurs agricoles de la Boucle du Mouhoun est intervenue, le vendredi 18 f\u00e9vrier 2022, \u00e0 D\u00e9dougou. Elys\u00e9e Sama remplace Kani Bicaba \u00e0 la t\u00eate de la structure. L\u2019Union r\u00e9gionale des soci\u00e9t\u00e9s coop\u00e9ratives des entrepreneurs agricoles de [&hellip;]<\/p>\n","protected":false},"author":1816,"featured_media":0,"comment_status":"closed","ping_status":"closed","sticky":false,"template":"","format":"standard","meta":{"fifu_image_url":"","fifu_image_alt":"","footnotes":""},"categories":[73,81],"tags":[],"class_list":["post-141403","post","type-post","status-publish","format-standard","hentry","category-actualite","category-burkina-faso"],"_links":{"self":[{"href":"https:\/\/linitiative.ca\/International\/wp-json\/wp\/v2\/posts\/141403","targetHints":{"allow":["GET"]}}],"collection":[{"href":"https:\/\/linitiative.ca\/International\/wp-json\/wp\/v2\/posts"}],"about":[{"href":"https:\/\/linitiative.ca\/International\/wp-json\/wp\/v2\/types\/post"}],"author":[{"embeddable":true,"href":"https:\/\/linitiative.ca\/International\/wp-json\/wp\/v2\/users\/1816"}],"replies":[{"embeddable":true,"href":"https:\/\/linitiative.ca\/International\/wp-json\/wp\/v2\/comments?post=141403"}],"version-history":[{"count":0,"href":"https:\/\/linitiative.ca\/International\/wp-json\/wp\/v2\/posts\/141403\/revisions"}],"wp:attachment":[{"href":"https:\/\/linitiative.ca\/International\/wp-json\/wp\/v2\/media?parent=141403"}],"wp:term":[{"taxonomy":"category","embeddable":true,"href":"https:\/\/linitiative.ca\/International\/wp-json\/wp\/v2\/categories?post=141403"},{"taxonomy":"post_tag","embeddable":true,"href":"https:\/\/linitiative.ca\/International\/wp-json\/wp\/v2\/tags?post=141403"}],"curies":[{"name":"wp","href":"https:\/\/api.w.org\/{rel}","templated":true}]}}