{"id":141404,"date":"2022-02-21T17:16:27","date_gmt":"2022-02-21T22:16:27","guid":{"rendered":"https:\/\/linitiative.ca\/International\/situation-nationale-que-chacun-pose-un-acte-dans-linteret-du-pays\/"},"modified":"2022-02-21T17:16:27","modified_gmt":"2022-02-21T22:16:27","slug":"situation-nationale-que-chacun-pose-un-acte-dans-linteret-du-pays","status":"publish","type":"post","link":"https:\/\/linitiative.ca\/International\/situation-nationale-que-chacun-pose-un-acte-dans-linteret-du-pays\/","title":{"rendered":"Situation nationale : que chacun pose un acte  dans l\u2019int\u00e9r\u00eat du pays !"},"content":{"rendered":"<div>\n<p><strong>Le Mouvement patriotique pour la sauvegarde et la restauration (MPSR), selon la Convergence citoyenne et panafricaine (CCP\/BF), doit rester focus sur la raison essentielle de son existence, c\u2019est-\u00e0-dire la sauvegarde du territoire national et la restauration des valeurs d\u2019int\u00e9grit\u00e9. <\/strong><\/p>\n<p>Le 24 janvier 2022, le Burkina Faso a entam\u00e9 une nouvelle \u00e8re de son histoire avec l\u2019arriv\u00e9e au pouvoir du Mouvement patriotique pour la sauvegarde et la restauration (MPSR) sous la conduite du lieutenant-colonel Paul-Henri Sandaogo Damiba. Ce changement avec l\u2019irruption \u00e0 nouveau de l\u2019arm\u00e9e dans l\u2019histoire de notre pays intervient \u00e0 une p\u00e9riode fatidique marqu\u00e9e par l\u2019exacerbation d\u2019une double crise structurelle et conjoncturelle avec pour point culminant une ins\u00e9curit\u00e9 sans pr\u00e9c\u00e9dent. S\u2019il est ind\u00e9niable que la gouvernance du MPSR ne peut \u00eatre \u00e9valu\u00e9e \u00e0 environ un mois d\u2019exercice du pouvoir d\u2019Etat, il est aussi exact d\u2019affirmer que les premiers symboles visibles peuvent permettre de d\u00e9terminer si la marche sera glorieuse ou d\u00e9sastreuse. Il est donc venu ce moment dans l\u2019histoire de notre pays o\u00f9 face \u00e0 l\u2019imminence du naufrage collectif, nous devons rester les plus alertes possibles en ne faisant l\u2019\u00e9conomie d\u2019une opinion, d\u2019une id\u00e9e ou m\u00eame d\u2019une critique qui pourrait apporter de la terre \u00e0 la terre \u00e0 l\u2019\u00e9lan de sauvegarde du territoire national et de la restauration des valeurs qui ont longtemps caract\u00e9ris\u00e9 le Burkina Faso, pays des Hommes int\u00e8gres. Bien avant d\u2019entrer dans le vif de notre sujet, il sied de plaider aupr\u00e8s des nouvelles autorit\u00e9s le cas de milliers d\u2019\u00e9tudiants qui ne pourront plus b\u00e9n\u00e9ficier des allocations financi\u00e8res pour l\u2019am\u00e9lioration de leurs conditions d\u2019\u00e9tudes et de vie, du fait du durcissement des modalit\u00e9s d\u2019octroi de l\u2019aide, du pr\u00eat par le FONER et de la bourse par le CIOSPB.<\/p>\n<p>Dans l\u2019esprit de notre \u00e9crit, il faut entendre par symboles un comportement, un fait, un acte de port\u00e9 national pos\u00e9 sur l\u2019autel de la gouvernance nouvelle du MPSR. D\u2019ores et d\u00e9j\u00e0, depuis l\u2019\u00e9v\u00e8nement du 24 janvier, le premier symbole constat\u00e9 au sein de l\u2019opinion nationale est la prise de conscience collective que les nouvelles autorit\u00e9s n\u2019ont pas droit \u00e0 l\u2019\u00e9chec sur la question fondamentale de la s\u00e9curit\u00e9. De la reprise en main de la s\u00e9curit\u00e9 nationale d\u00e9pend l\u2019existence m\u00eame de la patrie car de ce pr\u00e9alable est li\u00e9 tous les autres pans de notre destin commun. D\u2019o\u00f9 cette apparence de main molle constat\u00e9e dans la veille citoyenne malgr\u00e9 une recrudescence des attaques terroristes qui pourrait \u00eatre assimil\u00e9e \u00e0 un \u00e9tat de gr\u00e2ce de fait de quelques mois afin que les nouvelles autorit\u00e9s puissent d\u00e9cliner leur agenda et d\u00e9rouler la r\u00e9ponse s\u00e9curitaire promise. Toutefois, il est n\u00e9cessaire de savoir que le temps n\u2019est plus notre alli\u00e9. Le 16 f\u00e9vrier 2022, la c\u00e9r\u00e9monie de prestation de serment du Pr\u00e9sident Paul-Henri Sandaogo Damiba aura r\u00e9v\u00e9l\u00e9 un second symbole avec la premi\u00e8re grande pol\u00e9mique de l\u2019\u00e8re MPSR. En effet, il s\u2019agit du toll\u00e9 n\u00e9 de la qualit\u00e9 de deux civils (politique, activiste) qui \u00e9taient dans le rang des militaires dits membres du MPSR pendant la s\u00e9ance photo.<\/p>\n<p>Le d\u00e9bat houleux suscit\u00e9 par ce symbole aura pollu\u00e9 l\u2019environnement de cette r\u00e9cente transition \u00e0 tel enseigne que des voix dites autoris\u00e9es \u00e9taient oblig\u00e9es de sortir du bois pour rectifier le tir. Le troisi\u00e8me symbole non moins important perceptible depuis l\u2019av\u00e8nement des nouvelles autorit\u00e9s est l\u2019expression de l\u2019adh\u00e9sion et de soutien au MPSR avec une s\u00e9rie de marches et de meetings. Cet autre symbole est au c\u0153ur d\u2019une bataille rang\u00e9e verbale sur l\u2019opportunit\u00e9 d\u2019une telle d\u00e9marche dans la mesure o\u00f9 le MPSR en construction minutieuse n\u2019a pas encore impact\u00e9 la situation s\u00e9curitaire. Les deux derniers symboles \u00e9num\u00e9r\u00e9s viennent rappeler que le MPSR reste une \u0153uvre humaine dont l\u2019existence d\u2019un organe interne de censure doit permettre de trier l\u2019utile et le n\u00e9cessaire du dispensable. Le nouveau pouvoir doit rester focus sur la raison essentielle de son existence : la sauvegarde du territoire national et la restauration des valeurs d\u2019int\u00e9grit\u00e9. Il serait pr\u00e9judiciable \u00e0 travers des actes et des prises de position pendant cette transition naissante par la ventilation de signaux cr\u00e9ateurs de pol\u00e9miques \u00e0 m\u00eame de fragiliser la sympathie et l\u2019attente populaire aux nouvelles autorit\u00e9s du MPSR.<\/p>\n<p style=\"text-align: right\"><strong>Convergence Citoyenne et Panafricaine (CCP\/BF) <\/strong><\/p>\n<p style=\"text-align: right\"><strong>Ousmane SO<\/strong><\/p>\n<p style=\"text-align: right\"><strong> Pr\u00e9sident <\/strong><\/p>\n<p>L\u2019article <a rel=\"nofollow\" href=\"https:\/\/www.sidwaya.info\/blog\/2022\/02\/21\/situation-nationale-que-chacun-pose-un-acte-dans-linteret-du-pays\/\">Situation nationale : que chacun pose un acte  dans l\u2019int\u00e9r\u00eat du pays !<\/a> est apparu en premier sur <a rel=\"nofollow\" href=\"https:\/\/www.sidwaya.info\/\">Quotidien Sidwaya<\/a>.<\/p>\n<\/div>\n<p>Auteur: JK. Sidwaya<br \/>\n<a href=\"https:\/\/www.sidwaya.info\/blog\/2022\/02\/21\/situation-nationale-que-chacun-pose-un-acte-dans-linteret-du-pays\/?utm_source=rss&#038;utm_medium=rss&#038;utm_campaign=situation-nationale-que-chacun-pose-un-acte-dans-linteret-du-pays\">Cliquez ici pour lire l&rsquo;article depuis sa source.<\/a><\/p>\n","protected":false},"excerpt":{"rendered":"<p>Le Mouvement patriotique pour la sauvegarde et la restauration (MPSR), selon la Convergence citoyenne et panafricaine (CCP\/BF), doit rester focus sur la raison essentielle de son existence, c\u2019est-\u00e0-dire la sauvegarde du territoire national et la restauration des valeurs d\u2019int\u00e9grit\u00e9. Le 24 janvier 2022, le Burkina Faso a entam\u00e9 une nouvelle \u00e8re de son histoire avec [&hellip;]<\/p>\n","protected":false},"author":1816,"featured_media":0,"comment_status":"closed","ping_status":"closed","sticky":false,"template":"","format":"standard","meta":{"fifu_image_url":"","fifu_image_alt":"","footnotes":""},"categories":[73,81],"tags":[],"class_list":["post-141404","post","type-post","status-publish","format-standard","hentry","category-actualite","category-burkina-faso"],"_links":{"self":[{"href":"https:\/\/linitiative.ca\/International\/wp-json\/wp\/v2\/posts\/141404","targetHints":{"allow":["GET"]}}],"collection":[{"href":"https:\/\/linitiative.ca\/International\/wp-json\/wp\/v2\/posts"}],"about":[{"href":"https:\/\/linitiative.ca\/International\/wp-json\/wp\/v2\/types\/post"}],"author":[{"embeddable":true,"href":"https:\/\/linitiative.ca\/International\/wp-json\/wp\/v2\/users\/1816"}],"replies":[{"embeddable":true,"href":"https:\/\/linitiative.ca\/International\/wp-json\/wp\/v2\/comments?post=141404"}],"version-history":[{"count":0,"href":"https:\/\/linitiative.ca\/International\/wp-json\/wp\/v2\/posts\/141404\/revisions"}],"wp:attachment":[{"href":"https:\/\/linitiative.ca\/International\/wp-json\/wp\/v2\/media?parent=141404"}],"wp:term":[{"taxonomy":"category","embeddable":true,"href":"https:\/\/linitiative.ca\/International\/wp-json\/wp\/v2\/categories?post=141404"},{"taxonomy":"post_tag","embeddable":true,"href":"https:\/\/linitiative.ca\/International\/wp-json\/wp\/v2\/tags?post=141404"}],"curies":[{"name":"wp","href":"https:\/\/api.w.org\/{rel}","templated":true}]}}