{"id":141414,"date":"2022-02-21T14:18:03","date_gmt":"2022-02-21T19:18:03","guid":{"rendered":"https:\/\/linitiative.ca\/International\/le-mali-saisit-la-cour-de-justice-de-luemoa\/"},"modified":"2022-02-21T14:18:03","modified_gmt":"2022-02-21T19:18:03","slug":"le-mali-saisit-la-cour-de-justice-de-luemoa","status":"publish","type":"post","link":"https:\/\/linitiative.ca\/International\/le-mali-saisit-la-cour-de-justice-de-luemoa\/","title":{"rendered":"Le Mali saisit la Cour de justice de l\u2019Uemoa"},"content":{"rendered":"<div>\n<p><img decoding=\"async\" width=\"1080\" height=\"720\" src=\"https:\/\/linitiative.ca\/International\/wp-content\/uploads\/sites\/23\/2022\/02\/16454710834738.jpg\" class=\"attachment-post-thumbnail size-post-thumbnail wp-post-image\" alt=\"\" loading=\"lazy\" srcset=\"https:\/\/linitiative.ca\/International\/wp-content\/uploads\/sites\/23\/2022\/02\/16454710834738.jpg 1080w, https:\/\/www.journalducameroun.com\/wp-content\/uploads\/2022\/02\/16454710834738-300x200.jpg 300w, https:\/\/www.journalducameroun.com\/wp-content\/uploads\/2022\/02\/16454710834738-1024x683.jpg 1024w, https:\/\/www.journalducameroun.com\/wp-content\/uploads\/2022\/02\/16454710834738-768x512.jpg 768w, https:\/\/www.journalducameroun.com\/wp-content\/uploads\/2022\/02\/16454710834738-660x440.jpg 660w, https:\/\/www.journalducameroun.com\/wp-content\/uploads\/2022\/02\/16454710834738-600x400.jpg 600w\" sizes=\"auto, (max-width: 1080px) 100vw, 1080px\"><\/p>\n<p>Les autorit\u00e9s de transition ont mandat\u00e9 un collectif d&rsquo;avocats pour contester les sanctions de la Conf\u00e9rence des chefs d&rsquo;Etat et de gouvernement de l&rsquo;Union \u00e9conomique et mon\u00e9taire ouest-africaine (Uemoa).Ce lundi 21 f\u00e9vrier, la Charte de la transition a \u00e9t\u00e9 modifi\u00e9e pour permettre au colonel Assimi Go\u00efta de pr\u00e9sider aux destin\u00e9es du Mali durant les cinq prochaines ann\u00e9es. Dans ce contexte, un communiqu\u00e9 a annonc\u00e9 l&rsquo;introduction de deux recours aupr\u00e8s de la Cour de justice de l&rsquo;Union \u00e9conomique et mon\u00e9taire ouest-africaine (Uemoa) bas\u00e9e \u00e0 Ouagadougou, au Burkina Faso.<\/p>\n<p>Le premier, pr\u00e9cise le document, \u00ab tend \u00e0 obtenir l&rsquo;annulation des d\u00e9cisions \u00bb prises le 9 janvier dernier par les dirigeants ouest-africains. Le second vise \u00ab \u00e0 demander la suspension de l&rsquo;ex\u00e9cution des sanctions eu \u00e9gard aux effets gravement pr\u00e9judiciables \u00e0 l&rsquo;Etat du Mali, aux populations maliennes et africaines vivant au Mali \u00bb, explique la source.<\/p>\n<p>Ces recours ont \u00e9t\u00e9 d\u00e9pos\u00e9s par un pool de six avocats maliens conduit par Ma\u00eetre Moustapha S. M. Ciss\u00e9, B\u00e2tonnier de l&rsquo;Ordre des avocats du pays. Et le Greffe de la juridiction r\u00e9gionale les a enregistr\u00e9s le 15 f\u00e9vrier 2022.\u00a0<\/p>\n<p>Les sanctions prononc\u00e9es par l&rsquo;Uemoa \u00e0 l&rsquo;encontre du Mali sont notamment la fermeture des fronti\u00e8res avec les pays membres de l&rsquo;espace communautaire, le gel des actifs au sein de la Banque centrale des \u00c9tats de l&rsquo;Afrique de l&rsquo;Ouest (Bc\u00e9ao) et la suspension des transactions sauf pour les produits de premi\u00e8re n\u00e9cessit\u00e9 et pharmaceutiques.<\/p>\n<p>Cet article <a rel=\"nofollow\" href=\"https:\/\/www.journalducameroun.com\/le-mali-saisit-la-cour-de-justice-de-luemoa\/\">Le Mali saisit la Cour de justice de l\u2019Uemoa<\/a> est apparu en premier sur <a rel=\"nofollow\" href=\"https:\/\/www.journalducameroun.com\/\">Journal du Cameroun<\/a>.<\/p>\n<\/div>\n<p>Auteur: APA News<br \/>\n<a href=\"https:\/\/www.journalducameroun.com\/le-mali-saisit-la-cour-de-justice-de-luemoa\/\">Cliquez ici pour lire l&rsquo;article depuis sa source.<\/a><\/p>\n","protected":false},"excerpt":{"rendered":"<p>Les autorit\u00e9s de transition ont mandat\u00e9 un collectif d&rsquo;avocats pour contester les sanctions de la Conf\u00e9rence des chefs d&rsquo;Etat et de gouvernement de l&rsquo;Union \u00e9conomique et mon\u00e9taire ouest-africaine (Uemoa).Ce lundi 21 f\u00e9vrier, la Charte de la transition a \u00e9t\u00e9 modifi\u00e9e pour permettre au colonel Assimi Go\u00efta de pr\u00e9sider aux destin\u00e9es du Mali durant les cinq [&hellip;]<\/p>\n","protected":false},"author":1965,"featured_media":0,"comment_status":"closed","ping_status":"closed","sticky":false,"template":"","format":"standard","meta":{"fifu_image_url":"https:\/\/www.journalducameroun.com\/wp-content\/uploads\/2022\/02\/16454710834738.jpg","fifu_image_alt":"Le Mali saisit la Cour de justice de l\u2019Uemoa","footnotes":""},"categories":[73,82],"tags":[],"class_list":["post-141414","post","type-post","status-publish","format-standard","hentry","category-actualite","category-cameroun"],"_links":{"self":[{"href":"https:\/\/linitiative.ca\/International\/wp-json\/wp\/v2\/posts\/141414","targetHints":{"allow":["GET"]}}],"collection":[{"href":"https:\/\/linitiative.ca\/International\/wp-json\/wp\/v2\/posts"}],"about":[{"href":"https:\/\/linitiative.ca\/International\/wp-json\/wp\/v2\/types\/post"}],"author":[{"embeddable":true,"href":"https:\/\/linitiative.ca\/International\/wp-json\/wp\/v2\/users\/1965"}],"replies":[{"embeddable":true,"href":"https:\/\/linitiative.ca\/International\/wp-json\/wp\/v2\/comments?post=141414"}],"version-history":[{"count":0,"href":"https:\/\/linitiative.ca\/International\/wp-json\/wp\/v2\/posts\/141414\/revisions"}],"wp:attachment":[{"href":"https:\/\/linitiative.ca\/International\/wp-json\/wp\/v2\/media?parent=141414"}],"wp:term":[{"taxonomy":"category","embeddable":true,"href":"https:\/\/linitiative.ca\/International\/wp-json\/wp\/v2\/categories?post=141414"},{"taxonomy":"post_tag","embeddable":true,"href":"https:\/\/linitiative.ca\/International\/wp-json\/wp\/v2\/tags?post=141414"}],"curies":[{"name":"wp","href":"https:\/\/api.w.org\/{rel}","templated":true}]}}